{"id":234759,"date":"2025-11-06T09:07:18","date_gmt":"2025-11-06T12:07:18","guid":{"rendered":"https:\/\/corrientesdetarde.com\/?p=234759"},"modified":"2025-11-06T09:07:49","modified_gmt":"2025-11-06T12:07:49","slug":"vetaron-ley-que-declara-monumento-natural-al-dorado","status":"publish","type":"post","link":"https:\/\/corrientesdetarde.com\/index.php\/eventos\/vetaron-ley-que-declara-monumento-natural-al-dorado\/","title":{"rendered":"Vetaron ley que declara Monumento Natural al dorado"},"content":{"rendered":"\n<p>La Legislatura de Corrientes hab\u00eda sancionado el proyecto de Ley N\u00ba6.730, mediante el cual se buscaba declarar al dorado (salminus brasiliensis) como &#8220;Monumento Natural Provincial&#8221;. La iniciativa ten\u00eda como objetivo asegurar su preservaci\u00f3n, protecci\u00f3n y conservaci\u00f3n, siguiendo los lineamientos del Cap\u00edtulo III de la Ley N\u00ba4.736, que regula las reservas naturales en la provincia.<\/p>\n\n\n\n<p><\/p>\n\n\n\n<p>Sin embargo, el gobernador Gustavo Vald\u00e9s vet\u00f3 la norma al advertir errores de t\u00e9cnica legislativa y contradicciones normativas, adem\u00e1s de cuestionar la falta de fundamentos cient\u00edficos que acrediten la necesidad de una protecci\u00f3n absoluta. El veto fue formalizado conforme al procedimiento previsto en el Art\u00edculo 122 de la Constituci\u00f3n de la Provincia de Corrientes.<\/p>\n\n\n\n<p>Entre las observaciones principales, explic\u00f3 que la declaraci\u00f3n de &#8220;Monumento Natural&#8221; implica inviolabilidad total de la especie, prohibiendo cualquier tipo de intervenci\u00f3n o aprovechamiento, salvo aquellas destinadas al cuidado, investigaci\u00f3n o control oficial. En consecuencia, esa categor\u00eda har\u00eda ilegal la pesca con devoluci\u00f3n, una actividad que, seg\u00fan el Gobierno, tiene gran relevancia econ\u00f3mica, recreativa y ambiental.<\/p>\n\n\n\n<p>&#8220;El dorado representa un recurso valioso para el turismo sustentable, es s\u00edmbolo de identidad correntina y su pesca deportiva con devoluci\u00f3n fomenta la conservaci\u00f3n sin comprometer la especie&#8221;, sostiene el texto del veto. Adem\u00e1s, se subraya que no existen estudios ni evidencia cient\u00edfica que demuestren que el dorado est\u00e9 amenazado o en peligro de extinci\u00f3n, ni que su poblaci\u00f3n se encuentre en desequilibrio ecol\u00f3gico.<\/p>\n\n\n\n<p>El documento oficial tambi\u00e9n puntualiza que la autoridad de aplicaci\u00f3n designada por la ley vetada \u0097el Ministerio de Turismo\u0097 no es la correspondiente, ya que la Ley N\u00ba4.736 asigna esa funci\u00f3n a la Direcci\u00f3n de Parques y Reservas Naturales, dependiente del Ministerio de Producci\u00f3n&#8221;, remarca el veto.<\/p>\n\n\n\n<p>El an\u00e1lisis t\u00e9cnico-jur\u00eddico distingue adem\u00e1s entre los conceptos de reserva natural y monumento natural: mientras que las reservas implican protecci\u00f3n parcial de zonas o ecosistemas espec\u00edficos, el monumento natural se aplica a especies o elementos naturales que requieren protecci\u00f3n total, sin posibilidad de aprovechamiento econ\u00f3mico. En este sentido, se se\u00f1al\u00f3 que el proyecto legislativo confund\u00eda ambos conceptos, citando cap\u00edtulos equivocados de la ley marco.<\/p>\n\n\n\n<p>Por estas razones, el Poder ejecutivo decidi\u00f3 vetar el proyecto de Ley N\u00ba6.730 y devolverlo a la Honorable Legislatura para su reconsideraci\u00f3n.<\/p>\n","protected":false},"excerpt":{"rendered":"<p>La Legislatura de Corrientes hab\u00eda sancionado el proyecto de Ley N\u00ba6.730, mediante el cual se buscaba declarar al dorado (salminus brasiliensis) como &#8220;Monumento Natural Provincial&#8221;. La iniciativa ten\u00eda como objetivo&hellip; <\/p>\n","protected":false},"author":1,"featured_media":234766,"comment_status":"closed","ping_status":"open","sticky":false,"template":"","format":"standard","meta":{"footnotes":""},"categories":[22],"tags":[],"class_list":["post-234759","post","type-post","status-publish","format-standard","has-post-thumbnail","hentry","category-eventos"],"_links":{"self":[{"href":"https:\/\/corrientesdetarde.com\/index.php\/wp-json\/wp\/v2\/posts\/234759","targetHints":{"allow":["GET"]}}],"collection":[{"href":"https:\/\/corrientesdetarde.com\/index.php\/wp-json\/wp\/v2\/posts"}],"about":[{"href":"https:\/\/corrientesdetarde.com\/index.php\/wp-json\/wp\/v2\/types\/post"}],"author":[{"embeddable":true,"href":"https:\/\/corrientesdetarde.com\/index.php\/wp-json\/wp\/v2\/users\/1"}],"replies":[{"embeddable":true,"href":"https:\/\/corrientesdetarde.com\/index.php\/wp-json\/wp\/v2\/comments?post=234759"}],"version-history":[{"count":1,"href":"https:\/\/corrientesdetarde.com\/index.php\/wp-json\/wp\/v2\/posts\/234759\/revisions"}],"predecessor-version":[{"id":234767,"href":"https:\/\/corrientesdetarde.com\/index.php\/wp-json\/wp\/v2\/posts\/234759\/revisions\/234767"}],"wp:featuredmedia":[{"embeddable":true,"href":"https:\/\/corrientesdetarde.com\/index.php\/wp-json\/wp\/v2\/media\/234766"}],"wp:attachment":[{"href":"https:\/\/corrientesdetarde.com\/index.php\/wp-json\/wp\/v2\/media?parent=234759"}],"wp:term":[{"taxonomy":"category","embeddable":true,"href":"https:\/\/corrientesdetarde.com\/index.php\/wp-json\/wp\/v2\/categories?post=234759"},{"taxonomy":"post_tag","embeddable":true,"href":"https:\/\/corrientesdetarde.com\/index.php\/wp-json\/wp\/v2\/tags?post=234759"}],"curies":[{"name":"wp","href":"https:\/\/api.w.org\/{rel}","templated":true}]}}