{"id":234814,"date":"2025-11-06T13:30:53","date_gmt":"2025-11-06T16:30:53","guid":{"rendered":"https:\/\/corrientesdetarde.com\/?p=234814"},"modified":"2025-11-06T13:31:24","modified_gmt":"2025-11-06T16:31:24","slug":"el-teatro-vera-se-suma-a-la-noche-de-los-museos-este-sabado-8-de-noviembre","status":"publish","type":"post","link":"https:\/\/corrientesdetarde.com\/index.php\/cultura\/el-teatro-vera-se-suma-a-la-noche-de-los-museos-este-sabado-8-de-noviembre\/","title":{"rendered":"El Teatro Vera se suma a La Noche de los Museos este s\u00e1bado 8 de noviembre"},"content":{"rendered":"\n<p>En consonancia con las actividades culturales propuestas desde el Instituto de Cultura de Corrientes, el Teatro Oficial Juan de Vera se suma a \u201cLa Noche de los Museos\u201d con una visita guiada, este s\u00e1bado 8 de noviembre, de 17 a 18.30&nbsp;con acceso libre y gratuito.<\/p>\n\n\n\n<p>La Noche de los Museos, una iniciativa global, se vivir\u00e1 en Corrientes este s\u00e1bado 8 de noviembre, con actividades propuestas desde el Instituto de Cultura de Corrientes, de 20 a 1, en la que se propone un circuito cultural donde el p\u00fablico podr\u00e1 recorrer museos provinciales, municipales y distintos espacios culturales de Corrientes con acceso libre y gratuito, para conocer su valioso patrimonio y disfrutar de distintos espect\u00e1culos musicales y teatrales.<\/p>\n\n\n\n<p>El p\u00fablico que asista podr\u00e1 conocer el valor patrimonial y arquitect\u00f3nico, adem\u00e1s de la historia del coliseo correntino, con acceso libre y gratuito. A las 18.30 hs. en el foyer del Vera, se presentar\u00e1 en vivo para deleitar a los presentes el cuarteto \u201cA la cuerda\u201d.<\/p>\n\n\n\n<p>Por su atractivo como patrimonio hist\u00f3rico, adem\u00e1s de ser la casa de las artes para la comunidad cultural de la regi\u00f3n hace m\u00e1s de 100 a\u00f1os, el edificio del Teatro Oficial Juan de Vera ubicado en San Juan 637, atrae a diario a visitantes y a la ciudadan\u00eda en general. Tras las obras de refacci\u00f3n y puesta en valor, los visitantes podr\u00e1n conocer la sala donde se llevan adelante obras, conciertos y espect\u00e1culos, y sus tres pisos, poniendo en relieve la historia alrededor del edificio, su estilo arquitect\u00f3nico y su importancia para la provincia como plaza cultural en la regi\u00f3n Litoral del pa\u00eds.<\/p>\n","protected":false},"excerpt":{"rendered":"<p>En consonancia con las actividades culturales propuestas desde el Instituto de Cultura de Corrientes, el Teatro Oficial Juan de Vera se suma a \u201cLa Noche de los Museos\u201d con una&hellip; <\/p>\n","protected":false},"author":8,"featured_media":234815,"comment_status":"closed","ping_status":"open","sticky":false,"template":"","format":"standard","meta":{"footnotes":""},"categories":[15],"tags":[],"class_list":["post-234814","post","type-post","status-publish","format-standard","has-post-thumbnail","hentry","category-cultura"],"_links":{"self":[{"href":"https:\/\/corrientesdetarde.com\/index.php\/wp-json\/wp\/v2\/posts\/234814","targetHints":{"allow":["GET"]}}],"collection":[{"href":"https:\/\/corrientesdetarde.com\/index.php\/wp-json\/wp\/v2\/posts"}],"about":[{"href":"https:\/\/corrientesdetarde.com\/index.php\/wp-json\/wp\/v2\/types\/post"}],"author":[{"embeddable":true,"href":"https:\/\/corrientesdetarde.com\/index.php\/wp-json\/wp\/v2\/users\/8"}],"replies":[{"embeddable":true,"href":"https:\/\/corrientesdetarde.com\/index.php\/wp-json\/wp\/v2\/comments?post=234814"}],"version-history":[{"count":1,"href":"https:\/\/corrientesdetarde.com\/index.php\/wp-json\/wp\/v2\/posts\/234814\/revisions"}],"predecessor-version":[{"id":234816,"href":"https:\/\/corrientesdetarde.com\/index.php\/wp-json\/wp\/v2\/posts\/234814\/revisions\/234816"}],"wp:featuredmedia":[{"embeddable":true,"href":"https:\/\/corrientesdetarde.com\/index.php\/wp-json\/wp\/v2\/media\/234815"}],"wp:attachment":[{"href":"https:\/\/corrientesdetarde.com\/index.php\/wp-json\/wp\/v2\/media?parent=234814"}],"wp:term":[{"taxonomy":"category","embeddable":true,"href":"https:\/\/corrientesdetarde.com\/index.php\/wp-json\/wp\/v2\/categories?post=234814"},{"taxonomy":"post_tag","embeddable":true,"href":"https:\/\/corrientesdetarde.com\/index.php\/wp-json\/wp\/v2\/tags?post=234814"}],"curies":[{"name":"wp","href":"https:\/\/api.w.org\/{rel}","templated":true}]}}