{"id":234882,"date":"2025-11-06T21:15:59","date_gmt":"2025-11-07T00:15:59","guid":{"rendered":"https:\/\/corrientesdetarde.com\/?p=234882"},"modified":"2025-11-06T21:16:05","modified_gmt":"2025-11-07T00:16:05","slug":"el-senado-correntino-sanciona-leyes-clave-en-salud-derechos-laborales-y-cultura","status":"publish","type":"post","link":"https:\/\/corrientesdetarde.com\/index.php\/eventossociedad\/el-senado-correntino-sanciona-leyes-clave-en-salud-derechos-laborales-y-cultura\/","title":{"rendered":"El Senado correntino sanciona leyes clave en salud, derechos laborales y cultura"},"content":{"rendered":"\n<p><br>La C\u00e1mara de Senadores presidida por el vicegobernador, Pedro Braillard Poccard, desarroll\u00f3 este jueves su 11\u00b0 sesi\u00f3n ordinaria, en la misma se aprobaron tres leyes, una sobre recupero de gastos del servicio de salud, un r\u00e9gimen de licencia especial para trabajadores del sector p\u00fablico sobre violencia de g\u00e9nero y la ley por la que se establece el Festival del reencuentro y la cultura regional \u201c\u00d1ande pueblo\u201d de Gobernador Mart\u00ednez.<\/p>\n\n\n\n<figure class=\"wp-block-embed is-type-video is-provider-youtube wp-block-embed-youtube wp-embed-aspect-16-9 wp-has-aspect-ratio\"><div class=\"wp-block-embed__wrapper\">\n<iframe loading=\"lazy\" title=\"Decimoprimera Sesi\u00f3n Ordinaria 2025\" width=\"1110\" height=\"624\" src=\"https:\/\/www.youtube.com\/embed\/Z1KMQFqJljk?feature=oembed\" frameborder=\"0\" allow=\"accelerometer; autoplay; clipboard-write; encrypted-media; gyroscope; picture-in-picture; web-share\" referrerpolicy=\"strict-origin-when-cross-origin\" allowfullscreen><\/iframe>\n<\/div><\/figure>\n\n\n\n<p>En cuanto a los proyectos de Leyes, el senador Arag\u00f3n present\u00f3 cuatro proyectos, la creaci\u00f3n del Instituto Provincial de Prevenci\u00f3n y Asistencia de las Adicciones de Corrientes, la creaci\u00f3n del Centro Provincial de Referencia en Adicciones \u201cCorrientes te cuida\u201d, adem\u00e1s de la creaci\u00f3n del Programa Provincial Permanente de Prevenci\u00f3n, Atenci\u00f3n y Reinserci\u00f3n Social de J\u00f3venes y Adolescentes en situaci\u00f3n de consumo problem\u00e1tico de sustancias, todos pasaron a la comisi\u00f3n de Salud P\u00fablica, y por \u00faltimo la creaci\u00f3n del Plan Provincial de Prevenci\u00f3n del Embarazo no intencional en la Adolescencia, todos pasaron a la comisi\u00f3n de Salud P\u00fablica.<\/p>\n\n\n\n<p>La Senadora Asc\u00faa present\u00f3 el proyecto para la creaci\u00f3n de la Licencia Preventiva Oncol\u00f3gica, destinada a garantizar que todo trabajador pueda realizarse estudios m\u00e9dicos preventivos y de detecci\u00f3n temprana de c\u00e1ncer sin p\u00e9rdida salarial ni afectaci\u00f3n de su empleo; pas\u00f3 a la comisi\u00f3n de Salud P\u00fablica.<\/p>\n\n\n\n<p>En tanto que la senadora L\u00e9rtora y otros presentaron el proyecto por el que se modifica la Ley N\u00ba 4067 &#8211; Estatuto del Empleado P\u00fablico de la Provincia de Corrientes, respecto al T\u00edtulo II &#8211; R\u00e9gimen de Licencias, que pas\u00f3 a la comisi\u00f3n de Legislaci\u00f3n y Asuntos Constitucionales.<\/p>\n\n\n\n<figure class=\"wp-block-image size-large\"><img loading=\"lazy\" decoding=\"async\" width=\"1024\" height=\"679\" src=\"https:\/\/corrientesdetarde.com\/wp-content\/uploads\/2025\/11\/image-243-1024x679.png\" alt=\"\" class=\"wp-image-234884\" srcset=\"https:\/\/corrientesdetarde.com\/wp-content\/uploads\/2025\/11\/image-243-1024x679.png 1024w, https:\/\/corrientesdetarde.com\/wp-content\/uploads\/2025\/11\/image-243-300x199.png 300w, https:\/\/corrientesdetarde.com\/wp-content\/uploads\/2025\/11\/image-243-768x510.png 768w, https:\/\/corrientesdetarde.com\/wp-content\/uploads\/2025\/11\/image-243.png 1135w\" sizes=\"auto, (max-width: 1024px) 100vw, 1024px\" \/><\/figure>\n\n\n\n<p>Resoluciones<br>El Senador Noel Eugenio Breard y otros presentaron dos resoluciones, una por la que se declara de inter\u00e9s la presentaci\u00f3n del Libro C\u00f3mics \u201cAlejo, el Superh\u00e9roe Mentalista\u201d realizado por Dana Celeste, basada en el relato y experiencia de vida del ni\u00f1o correntino Alejo P\u00e9rez Esquivel, y el proyecto por el que se dispone la impresi\u00f3n de ciento cincuenta (150) ejemplares del Libro \u201cPeque\u00f1os escritores, grandes so\u00f1adores. Antolog\u00eda narrativa del Nivel Inicial &#8211; Mburucuy\u00e1\u201d para distribuir en Colegios Primarios y Bibliotecas Populares de la Provincia, ambos ingresaron a la comisi\u00f3n de Educaci\u00f3n y Cultura.<\/p>\n\n\n\n<p>Expedientes venidos en revisi\u00f3n de la C\u00e1mara de Diputados<br>La Honorable C\u00e1mara de Diputados remiti\u00f3 en revisi\u00f3n Proyecto de Ley por el que se instituye el 9 de octubre de cada a\u00f1o como \u201cD\u00eda Provincial de la Enfermedad Cardiovascular en la Mujer\u201d (comisi\u00f3n de Salud P\u00fablica), tambi\u00e9n el proyecto por el que se declara a Colonia Liebig \u201cTierra de Esperanza &#8211; Portal de la Navidad Correntina\u201d (comisi\u00f3n de Educaci\u00f3n y Cultura), as\u00ed como el proyecto por el que se declara Personalidad Destacada de la Provincia de Corrientes al abogado, Profesor de la Facultad de Derecho y ciencias Sociales y Pol\u00edticas de la Unne Dr. Daniel Gualberto G\u00f3mez (comisi\u00f3n de Educaci\u00f3n y Cultura).<\/p>\n\n\n\n<p>Tambi\u00e9n se remiti\u00f3 en revisi\u00f3n Proyecto de Ley por el que se establece el 12 de agosto de cada a\u00f1o como \u201cD\u00eda Provincial del Bailar\u00edn Correntino\u201d, en conmemoraci\u00f3n al nacimiento de Dionisio Soler (educaci\u00f3n y cultura), as\u00ed como la declaraci\u00f3n de Fiesta Provincial al evento \u201cEl Abuelazo Bellavistense\u201d, que se realiza en el mes de septiembre de cada a\u00f1o en la ciudad de Bella Vista (educaci\u00f3n y cultura), adem\u00e1s del proyecto de Ley por el que se modifica la Ley N\u00ba 3623 facilitando la operatoria de control sobre el traslado de ganado dentro de la Provincia de Corrientes (asuntos agropecuarios e industria y comercio)<\/p>\n\n\n\n<p>Con modificaciones<br>Adem\u00e1s, ingresaron seis proyectos con modificaciones venidos de la C\u00e1mara de Diputados, algunos se convirtieron en ley, uno sobre el C\u00f3digo Procesal Laboral de la Provincia de Corrientes, se tratar\u00e1 con preferencia en la siguiente sesi\u00f3n.<br>El segundo presentado por los Senadores Sergio Mois\u00e9s Flinta, Noel Eugenio Breard, Ver\u00f3nica In\u00e9s Esp\u00edndola, Henry Jorge Fick, Diego Mart\u00edn Pellegrini por el que establece con car\u00e1cter de Fiesta Provincial a la \u201cFiesta Provincial del Pescador\u201d, que se realiza en Derqui pas\u00f3 a comisi\u00f3n de educaci\u00f3n y cultura.<br>Tambi\u00e9n el proyecto por el que se establece un nuevo procedimiento para la Oficina de Conciliaci\u00f3n Laboral (OCLO) tambi\u00e9n ser\u00e1 tratado con preferencia en la pr\u00f3xima sesi\u00f3n; en cuanto al proyecto de la senadora Quintana por el que se establece un r\u00e9gimen de Licencia Especial para trabajadores del sector p\u00fablico por Violencia de G\u00e9nero, fue aprobado sobre tablas aceptando as\u00ed las modificaciones.<br>Al insistir para que se apruebe el proyecto presentado por Di\u00f3genes Gonz\u00e1lez por el que establece el arancelamiento hospitalario bajo el t\u00edtulo de \u201cLey de Recupero de Gastos del Servicio de Salud\u201d con su texto original, el mismo fue aprobado y se convirti\u00f3 en ley.<\/p>\n\n\n\n<figure class=\"wp-block-embed is-type-video is-provider-youtube wp-block-embed-youtube wp-embed-aspect-16-9 wp-has-aspect-ratio\"><div class=\"wp-block-embed__wrapper\">\n<iframe loading=\"lazy\" title=\"Decimoprimera Sesi\u00f3n Ordinaria 2025 - Sonia Quintana\" width=\"1110\" height=\"624\" src=\"https:\/\/www.youtube.com\/embed\/1K1cd5dneXM?feature=oembed\" frameborder=\"0\" allow=\"accelerometer; autoplay; clipboard-write; encrypted-media; gyroscope; picture-in-picture; web-share\" referrerpolicy=\"strict-origin-when-cross-origin\" allowfullscreen><\/iframe>\n<\/div><\/figure>\n\n\n\n<p>Y por \u00faltimo, el proyecto por el que se establece el Festival del Reencuentro y la Cultura Regional \u201c\u00d1ande Pueblo\u201d, que se realiza anualmente en Gobernador Mart\u00ednez tambi\u00e9n fue aprobado sobre tablas con las modificaciones propuestas por la c\u00e1mara de Diputados, convirti\u00e9ndose en ley.<\/p>\n\n\n\n<p>Proyecto de ley remitido por el poder ejecutivo provincial<\/p>\n\n\n\n<p>En otro orden de cosas el Poder Ejecutivo Provincial remiti\u00f3 un Proyecto de Ley por el que se aprueba la incorporaci\u00f3n de la Provincia a la Regi\u00f3n Litoral, conforme los t\u00e9rminos previstos del \u201cTratado de Integraci\u00f3n Regional entre las Provincias de Chaco, Corrientes, Entre R\u00edos, Formosa, Misiones y Santa Fe\u201d (legislaci\u00f3n y asuntos constitucionales).<\/p>\n\n\n\n<p>Y adem\u00e1s el Poder Ejecutivo remiti\u00f3 el veto a la Ley 6730 que declara Monumento Natural Provincial al Dorado (Salminus Brasiliiensis).<\/p>\n\n\n\n<p>Audiencias p\u00fabicas<\/p>\n\n\n\n<p>En la 11\u00aa se llevaron a cabo tres audiencias p\u00fablicas para tratar pliegos enviados por el Poder Ejecutivo Provincial.<\/p>\n\n\n\n<p>En dichos pliegos se solicita Acuerdo para la designaci\u00f3n en el cargo de Defensor Oficial Penal de la Tercera Circunscripci\u00f3n Judicial con asiento en la ciudad de Curuz\u00fa Cuati\u00e1 para el Dr. Santiago Alberto C\u00e1ceres; as\u00ed como Acuerdo para la designaci\u00f3n en el cargo de Defensor Oficial Penal de la Segunda Circunscripci\u00f3n Judicial con asiento en la ciudad de Esquina para el Dr. Ram\u00f3n Fernando Ranaletti.<\/p>\n\n\n\n<p>Y por \u00faltimo para la designaci\u00f3n en el cargo de Juez del Tribunal de Juicio N\u00ba 1 de la Primera Circunscripci\u00f3n Judicial con asiento en la ciudad de Corrientes, para el Dr. Oscar Ignacio Dubrez. Los tres pliegos pasaron sin impugnaciones a la Comisi\u00f3n de Poderes, Peticiones, Acuerdos y Reglamentos.<\/p>\n\n\n\n<p>Adem\u00e1s, se solicit\u00f3 la incorporaci\u00f3n de los expedientes 8241 y 8237 y por tal motivo fueron aprobados los pliegos del Dr. Guillermo Ricardo Parodi. Dr. Jos\u00e9 Osvaldo Ledesma.<\/p>\n\n\n\n<p>Para finalizar se fijaron audiencias p\u00fablicas para el 27 de noviembre para la designaci\u00f3n en el cargo de Juez Civil y Comercial de la Cuarta Circunscripci\u00f3n Judicial con asiento en la ciudad de Monte Caseros, para el Dr. Vicente Humberto Br\u00edtes, tambi\u00e9n acuerdo para la designaci\u00f3n en el cargo de Juez de Garant\u00edas de la Segunda Circunscripci\u00f3n Judicial con asiento en la ciudad de Goya), para el Dr. Francisco Antonio Arr\u00fae y por \u00faltimo la solicitud de acuerdo para la designaci\u00f3n en el cargo de Juez del Tribunal de Juicio N\u00ba 2 de la Primera Circunscripci\u00f3n Judicial con asiento en la ciudad de Corrientes, para el Dr. Joaqu\u00edn Jorge Sebasti\u00e1n Romero, los tres expedientes pasaron a la comisi\u00f3n de poderes, peticiones, acuerdos y reglamento.<\/p>\n\n\n\n<figure class=\"wp-block-image size-large\"><img loading=\"lazy\" decoding=\"async\" width=\"1024\" height=\"676\" src=\"https:\/\/corrientesdetarde.com\/wp-content\/uploads\/2025\/11\/image-244-1024x676.png\" alt=\"\" class=\"wp-image-234885\" srcset=\"https:\/\/corrientesdetarde.com\/wp-content\/uploads\/2025\/11\/image-244-1024x676.png 1024w, https:\/\/corrientesdetarde.com\/wp-content\/uploads\/2025\/11\/image-244-300x198.png 300w, https:\/\/corrientesdetarde.com\/wp-content\/uploads\/2025\/11\/image-244-768x507.png 768w, https:\/\/corrientesdetarde.com\/wp-content\/uploads\/2025\/11\/image-244.png 1149w\" sizes=\"auto, (max-width: 1024px) 100vw, 1024px\" \/><\/figure>\n\n\n\n<figure class=\"wp-block-image size-large\"><img loading=\"lazy\" decoding=\"async\" width=\"1024\" height=\"683\" src=\"https:\/\/corrientesdetarde.com\/wp-content\/uploads\/2025\/11\/image-245-1024x683.png\" alt=\"\" class=\"wp-image-234886\" srcset=\"https:\/\/corrientesdetarde.com\/wp-content\/uploads\/2025\/11\/image-245-1024x683.png 1024w, https:\/\/corrientesdetarde.com\/wp-content\/uploads\/2025\/11\/image-245-300x200.png 300w, https:\/\/corrientesdetarde.com\/wp-content\/uploads\/2025\/11\/image-245-768x512.png 768w, https:\/\/corrientesdetarde.com\/wp-content\/uploads\/2025\/11\/image-245.png 1136w\" sizes=\"auto, (max-width: 1024px) 100vw, 1024px\" \/><\/figure>\n","protected":false},"excerpt":{"rendered":"<p>La C\u00e1mara de Senadores presidida por el vicegobernador, Pedro Braillard Poccard, desarroll\u00f3 este jueves su 11\u00b0 sesi\u00f3n ordinaria, en la misma se aprobaron tres leyes, una sobre recupero de gastos&hellip; <\/p>\n","protected":false},"author":4,"featured_media":234883,"comment_status":"closed","ping_status":"open","sticky":false,"template":"","format":"standard","meta":{"footnotes":""},"categories":[1208],"tags":[],"class_list":["post-234882","post","type-post","status-publish","format-standard","has-post-thumbnail","hentry","category-eventossociedad"],"_links":{"self":[{"href":"https:\/\/corrientesdetarde.com\/index.php\/wp-json\/wp\/v2\/posts\/234882","targetHints":{"allow":["GET"]}}],"collection":[{"href":"https:\/\/corrientesdetarde.com\/index.php\/wp-json\/wp\/v2\/posts"}],"about":[{"href":"https:\/\/corrientesdetarde.com\/index.php\/wp-json\/wp\/v2\/types\/post"}],"author":[{"embeddable":true,"href":"https:\/\/corrientesdetarde.com\/index.php\/wp-json\/wp\/v2\/users\/4"}],"replies":[{"embeddable":true,"href":"https:\/\/corrientesdetarde.com\/index.php\/wp-json\/wp\/v2\/comments?post=234882"}],"version-history":[{"count":1,"href":"https:\/\/corrientesdetarde.com\/index.php\/wp-json\/wp\/v2\/posts\/234882\/revisions"}],"predecessor-version":[{"id":234892,"href":"https:\/\/corrientesdetarde.com\/index.php\/wp-json\/wp\/v2\/posts\/234882\/revisions\/234892"}],"wp:featuredmedia":[{"embeddable":true,"href":"https:\/\/corrientesdetarde.com\/index.php\/wp-json\/wp\/v2\/media\/234883"}],"wp:attachment":[{"href":"https:\/\/corrientesdetarde.com\/index.php\/wp-json\/wp\/v2\/media?parent=234882"}],"wp:term":[{"taxonomy":"category","embeddable":true,"href":"https:\/\/corrientesdetarde.com\/index.php\/wp-json\/wp\/v2\/categories?post=234882"},{"taxonomy":"post_tag","embeddable":true,"href":"https:\/\/corrientesdetarde.com\/index.php\/wp-json\/wp\/v2\/tags?post=234882"}],"curies":[{"name":"wp","href":"https:\/\/api.w.org\/{rel}","templated":true}]}}