{"id":234889,"date":"2025-11-06T21:00:41","date_gmt":"2025-11-07T00:00:41","guid":{"rendered":"https:\/\/corrientesdetarde.com\/?p=234889"},"modified":"2025-11-06T21:01:07","modified_gmt":"2025-11-07T00:01:07","slug":"apartaron-del-servicio-penitenciario-de-corrientes-a-una-oficial-que-estaria-vinculada-a-una-red-de-trata","status":"publish","type":"post","link":"https:\/\/corrientesdetarde.com\/index.php\/policiales\/apartaron-del-servicio-penitenciario-de-corrientes-a-una-oficial-que-estaria-vinculada-a-una-red-de-trata\/","title":{"rendered":"Apartaron del Servicio Penitenciario de Corrientes a una oficial que estar\u00eda vinculada a una red de trata"},"content":{"rendered":"\n<p>A trav\u00e9s de un comunicado, el Servicio Penitenciario Provincial inform\u00f3 que apart\u00f3 de la fuerza a una oficial que estar\u00eda vinculada a una red de trata desbaratada recientemente. &#8220;La funcionaria ha sido apartada preventivamente de sus funciones operativas y de contacto con la poblaci\u00f3n penal&#8221;, detallaron.<\/p>\n\n\n\n<p><strong>El comunicado del Servicio Penitenciario Provincial&nbsp;<\/strong><\/p>\n\n\n\n<p><br>Comunica a la opini\u00f3n p\u00fablica, Medios de Comunicaci\u00f3n y a la Sociedad en General, que, a ra\u00edz de las recientes publicaciones en redes sociales que involucran a una Oficial de esta instituci\u00f3n con un supuesto caso de trata de personas, se han dispuesto de inmediato las medidas administrativas de rigor.<\/p>\n\n\n\n<p><br>En consonancia con nuestro compromiso con la transparencia, la legalidad y el estricto cumplimiento de los derechos humanos y los protocolos internos, la funcionaria ha sido apartada preventivamente de sus funciones operativas y de contacto con la poblaci\u00f3n penal, a la espera de que se complete la investigaci\u00f3n y se deslinden las responsabilidades que puedan corresponder o lo que resulte del proceso.<\/p>\n\n\n\n<p><br>Esta acci\u00f3n se lleva a cabo con la m\u00e1xima seriedad y celeridad, reafirmando que Nuestra Instituci\u00f3n no tolerara ninguna conducta que se aparte de los principios eticos y legales que rigen el accionar de sus integrantes, especialmente ante la menci\u00f3n de delitos tan graves como la trata de personas.<\/p>\n\n\n\n<p><br>Las actuaciones administrativas internas se encuentran en curso, y se ha dispuesto la colaboraci\u00f3n total con los organismos judiciales competentes en caso de que se inicie una investigaci\u00f3n penal.<\/p>\n","protected":false},"excerpt":{"rendered":"<p>A trav\u00e9s de un comunicado, el Servicio Penitenciario Provincial inform\u00f3 que apart\u00f3 de la fuerza a una oficial que estar\u00eda vinculada a una red de trata desbaratada recientemente. &#8220;La funcionaria&hellip; <\/p>\n","protected":false},"author":4,"featured_media":234890,"comment_status":"closed","ping_status":"open","sticky":false,"template":"","format":"standard","meta":{"footnotes":""},"categories":[33],"tags":[],"class_list":["post-234889","post","type-post","status-publish","format-standard","has-post-thumbnail","hentry","category-policiales"],"_links":{"self":[{"href":"https:\/\/corrientesdetarde.com\/index.php\/wp-json\/wp\/v2\/posts\/234889","targetHints":{"allow":["GET"]}}],"collection":[{"href":"https:\/\/corrientesdetarde.com\/index.php\/wp-json\/wp\/v2\/posts"}],"about":[{"href":"https:\/\/corrientesdetarde.com\/index.php\/wp-json\/wp\/v2\/types\/post"}],"author":[{"embeddable":true,"href":"https:\/\/corrientesdetarde.com\/index.php\/wp-json\/wp\/v2\/users\/4"}],"replies":[{"embeddable":true,"href":"https:\/\/corrientesdetarde.com\/index.php\/wp-json\/wp\/v2\/comments?post=234889"}],"version-history":[{"count":1,"href":"https:\/\/corrientesdetarde.com\/index.php\/wp-json\/wp\/v2\/posts\/234889\/revisions"}],"predecessor-version":[{"id":234891,"href":"https:\/\/corrientesdetarde.com\/index.php\/wp-json\/wp\/v2\/posts\/234889\/revisions\/234891"}],"wp:featuredmedia":[{"embeddable":true,"href":"https:\/\/corrientesdetarde.com\/index.php\/wp-json\/wp\/v2\/media\/234890"}],"wp:attachment":[{"href":"https:\/\/corrientesdetarde.com\/index.php\/wp-json\/wp\/v2\/media?parent=234889"}],"wp:term":[{"taxonomy":"category","embeddable":true,"href":"https:\/\/corrientesdetarde.com\/index.php\/wp-json\/wp\/v2\/categories?post=234889"},{"taxonomy":"post_tag","embeddable":true,"href":"https:\/\/corrientesdetarde.com\/index.php\/wp-json\/wp\/v2\/tags?post=234889"}],"curies":[{"name":"wp","href":"https:\/\/api.w.org\/{rel}","templated":true}]}}