{"id":234893,"date":"2025-11-06T21:28:36","date_gmt":"2025-11-07T00:28:36","guid":{"rendered":"https:\/\/corrientesdetarde.com\/?p=234893"},"modified":"2025-11-06T21:29:08","modified_gmt":"2025-11-07T00:29:08","slug":"declaraciones-de-interes-legislativo-en-materia-de-cultura-educacion-ciencia-y-patrimonio-correntino","status":"publish","type":"post","link":"https:\/\/corrientesdetarde.com\/index.php\/eventossociedad\/declaraciones-de-interes-legislativo-en-materia-de-cultura-educacion-ciencia-y-patrimonio-correntino\/","title":{"rendered":"Declaraciones de inter\u00e9s legislativo en materia de cultura, educaci\u00f3n, ciencia y patrimonio correntino"},"content":{"rendered":"\n<p><br>En cuanto a las Declaraciones de Inter\u00e9s, el Senador Noel Eugenio Breard present\u00f3 cuatro proyectos por los que se expresan el inter\u00e9s legislativo por la presentaci\u00f3n del Libro \u201cEl Trabajo Infantil en la Argentina. Fundamentos para su erradicaci\u00f3n\u201d de la Dra. Daniela G\u00f3mez Carell, tambi\u00e9n la presentaci\u00f3n del libro \u201cPeque\u00f1os escritores, grandes so\u00f1adores. Antolog\u00eda narrativa del Nivel Inicial &#8211; Mburucuy\u00e1\u201d, cuyos autores son ni\u00f1as y ni\u00f1os jardineros del J.I.N. N\u00ba 5 de Mburucuy\u00e1.<\/p>\n\n\n\n<p>Tambi\u00e9n el inter\u00e9s legislativo del libro La experiencia como aprendizaje \u201c\u2026Un libro para quien lo necesita\u2026\u201d, de Patricio Parra Ram\u00edrez, estudiante de 5to. a\u00f1o de la Escuela Regional de Agricultura, Ganader\u00eda e Industria afines (Eragia), y la actividad acad\u00e9mica \u201cCiberseguridad, IA e higiene digital. Summit UCP 2025 de Derecho, Negocios y Tecnolog\u00eda\u201d, a llevarse a cabo en la sede del Universidad de la Cuenca del Plata- Corrientes.<br>Asimismo, la Senadora Sonia Beatriz Quintana present\u00f3 la declaraci\u00f3n de inter\u00e9s por la \u201cXXIII Fiesta Provincial del Ladrillo\u201d, a realizarse en la localidad de San Lorenzo (Corrientes).<\/p>\n\n\n\n<p>Adem\u00e1s el senador Di\u00f3genes Ignacio Gonz\u00e1lez present\u00f3 cuatro proyectos, uno expresa el inter\u00e9s legislativo por la realizaci\u00f3n del Congreso Provincial de Psiquiatr\u00eda de Corrientes, que tendr\u00e1 lugar en la localidad de Empedrado, otro expresa el inter\u00e9s legislativo por la Muestra Educativa sobre la vida del General Jos\u00e9 de San Mart\u00edn, del artista Ramiro Ghigliazza, el tercero expresa el inter\u00e9s legislativo por el Trabajo Final de la Carrera de Ingenier\u00eda Civil de los Ingenieros (egresados de la Unne) Santiago Guzm\u00e1n y Tob\u00edas M\u00e1s, titulado: \u201cAnteproyecto de carriles y reacomodamiento en Ruta Nacional N\u00ba 12, en el tramo de 74 km. comprendido entre la intersecci\u00f3n de la ruta Nacional N\u00ba 118, en el km. 940, hasta el km. 1014, finalizando en el peaje Riachuelo &#8211; Corrientes\u201d; quienes hicieron una presentaci\u00f3n de su trabajo en el Recinto de Sesiones.<\/p>\n\n\n\n<p>Y el cuarto expresa el inter\u00e9s legislativo por el Reconocimiento Libertador General San Mart\u00edn, otorgado al Dr. William Harvey, por su destacada trayectoria y aporte extraordinario a la medicina, el mismo ser\u00e1 entregado el viernes 7 de noviembre en el Recinto del Palacio Legislativo.<\/p>\n\n\n\n<p>El senador Arag\u00f3n present\u00f3 dos proyectos, uno de ellos expresa rechazo al art\u00edculo 30 del Proyecto de Ley de Presupuesto 2026 de la Naci\u00f3n, que perjudica el funcionamiento de Escuelas T\u00e9cnicas en la Provincia de Corrientes y el otro expresa el inter\u00e9s legislativo por la \u201cIV Jornada de Trabajo Social\u201d a llevarse a cabo en el Instituto Superior de Servicio Social \u201cRemedios Escalada de San Mart\u00edn\u201d.<\/p>\n\n\n\n<p>Varios senadores, entre ellos Noel Eugenio Breard, Henry Jorge Fick, Di\u00f3genes Ignacio Gonz\u00e1lez, Sergio Mois\u00e9s Flinta y otros presentaron la declaraci\u00f3n de inter\u00e9s a las \u201cJornadas Acad\u00e9micas: Jurisprudencia de la Corte Suprema de Justicia de la Naci\u00f3n\u201d.<\/p>\n\n\n\n<p>La senadora Esp\u00edndola present\u00f3 el proyecto por el que se expresa el inter\u00e9s legislativo por la celebraci\u00f3n del 150\u00ba aniversario de la creaci\u00f3n de la Sociedad Italiana \u201cUni\u00f3n y Benevolencia\u201d de la ciudad de Curuz\u00fa Cuati\u00e1.<\/p>\n\n\n\n<p>Y por \u00faltimo el senador Osella present\u00f3 el proyecto por el que se expresa el inter\u00e9s legislativo por los actos conmemorativos de la fecha de la \u201cPrimera Radicaci\u00f3n Hist\u00f3rica de Goya\u201d, fijada el d\u00eda 09 de noviembre de 1791.<\/p>\n","protected":false},"excerpt":{"rendered":"<p>En cuanto a las Declaraciones de Inter\u00e9s, el Senador Noel Eugenio Breard present\u00f3 cuatro proyectos por los que se expresan el inter\u00e9s legislativo por la presentaci\u00f3n del Libro \u201cEl Trabajo&hellip; <\/p>\n","protected":false},"author":4,"featured_media":234894,"comment_status":"closed","ping_status":"open","sticky":false,"template":"","format":"standard","meta":{"footnotes":""},"categories":[1208],"tags":[],"class_list":["post-234893","post","type-post","status-publish","format-standard","has-post-thumbnail","hentry","category-eventossociedad"],"_links":{"self":[{"href":"https:\/\/corrientesdetarde.com\/index.php\/wp-json\/wp\/v2\/posts\/234893","targetHints":{"allow":["GET"]}}],"collection":[{"href":"https:\/\/corrientesdetarde.com\/index.php\/wp-json\/wp\/v2\/posts"}],"about":[{"href":"https:\/\/corrientesdetarde.com\/index.php\/wp-json\/wp\/v2\/types\/post"}],"author":[{"embeddable":true,"href":"https:\/\/corrientesdetarde.com\/index.php\/wp-json\/wp\/v2\/users\/4"}],"replies":[{"embeddable":true,"href":"https:\/\/corrientesdetarde.com\/index.php\/wp-json\/wp\/v2\/comments?post=234893"}],"version-history":[{"count":1,"href":"https:\/\/corrientesdetarde.com\/index.php\/wp-json\/wp\/v2\/posts\/234893\/revisions"}],"predecessor-version":[{"id":234895,"href":"https:\/\/corrientesdetarde.com\/index.php\/wp-json\/wp\/v2\/posts\/234893\/revisions\/234895"}],"wp:featuredmedia":[{"embeddable":true,"href":"https:\/\/corrientesdetarde.com\/index.php\/wp-json\/wp\/v2\/media\/234894"}],"wp:attachment":[{"href":"https:\/\/corrientesdetarde.com\/index.php\/wp-json\/wp\/v2\/media?parent=234893"}],"wp:term":[{"taxonomy":"category","embeddable":true,"href":"https:\/\/corrientesdetarde.com\/index.php\/wp-json\/wp\/v2\/categories?post=234893"},{"taxonomy":"post_tag","embeddable":true,"href":"https:\/\/corrientesdetarde.com\/index.php\/wp-json\/wp\/v2\/tags?post=234893"}],"curies":[{"name":"wp","href":"https:\/\/api.w.org\/{rel}","templated":true}]}}