{"id":234923,"date":"2025-11-07T10:05:01","date_gmt":"2025-11-07T13:05:01","guid":{"rendered":"https:\/\/corrientesdetarde.com\/?p=234923"},"modified":"2025-11-07T10:05:32","modified_gmt":"2025-11-07T13:05:32","slug":"sergio-roitberg-presento-somos-otros-una-reflexion-sobre-como-sobrevivir-en-la-era-de-la-incertidumbre","status":"publish","type":"post","link":"https:\/\/corrientesdetarde.com\/index.php\/cultura\/sergio-roitberg-presento-somos-otros-una-reflexion-sobre-como-sobrevivir-en-la-era-de-la-incertidumbre\/","title":{"rendered":"SERGIO ROITBERG PRESENT\u00d3 \u201cSOMOS OTROS\u201d: UNA REFLEXI\u00d3N SOBRE C\u00d3MO SOBREVIVIR EN LA ERA DE LA INCERTIDUMBRE"},"content":{"rendered":"\n<p>En di\u00e1logo con Tom\u00e1s Balmaceda, el evento se convirti\u00f3 en un encuentro que explor\u00f3 el cambio, la inteligencia artificial y los nuevos liderazgos en un contexto de incertidumbre global.<\/p>\n\n\n\n<p>Buenos Aires, Argentina, 6 de noviembre de 2025.- En el marco de una conversaci\u00f3n distendida con el fil\u00f3sofo y periodista Tom\u00e1s Balmaceda, el fundador y CEO de Newlink, Sergio Roitberg, present\u00f3 oficialmente su nuevo libro \u201cSomos otros\u201d en Dain Usina Cultural, ante un auditorio colmado de familiares, amigos, clientes y referentes de distintos organismos y sectores.<\/p>\n\n\n\n<p>Durante la charla, ambos exploraron los ejes centrales del libro \u2014la aceleraci\u00f3n del cambio tras la pandemia, el rol de la inteligencia artificial como espejo de la humanidad y la necesidad de construir nuevos liderazgos basados en empat\u00eda y adaptaci\u00f3n\u2014 en un intercambio que combin\u00f3 reflexi\u00f3n, humor y mirada cr\u00edtica sobre el presente.<\/p>\n\n\n\n<p>\u201cLa era del Unknown es este tiempo posterior a la pandemia, caracterizado por la aceleraci\u00f3n del cambio, la incertidumbre como constante y la obligaci\u00f3n de vivir, liderar y decidir sin mapas preexistentes\u201d expres\u00f3 Sergio Roitberg, y agreg\u00f3: \u201cen este nuevo contexto, la resiliencia se convierte en el \u2018m\u00fasculo invisible\u2019 que permite adaptarse, reconstruir y encontrar un prop\u00f3sito compartido, en medio de lo imprevisible\u201d.<\/p>\n\n\n\n<p>Por su parte, Balmaceda destac\u00f3: \u201c\u2018Somos otros\u2019 invita a repensar ese nuevo \u201cnosotros\u201d en el que nos convertimos: un nosotros herido, pero m\u00e1s sabio, m\u00e1s consciente y humano.<\/p>\n\n\n\n<p>A lo largo de sus cap\u00edtulos, el libro re\u00fane las voces de referentes internacionales y regionales que reflexionan sobre el impacto del cambio en distintos \u00e1mbitos. Entre ellos, el neurocient\u00edfico Facundo Manes, quien analiza las huellas del trauma colectivo y la capacidad de resiliencia post-pandemia; Mart\u00edn M\u00e9ndez, CEO de Accenture Latinoam\u00e9rica, que destaca la necesidad de traducir el cambio m\u00e1s que controlarlo en los nuevos modelos de liderazgo; y el soci\u00f3logo y urbanista estadounidense Richard Florida, quien reflexiona sobre la transformaci\u00f3n de las ciudades y del trabajo en la era post-pandemia, vinculando creatividad y resiliencia urbana.<\/p>\n\n\n\n<p>La conversaci\u00f3n se apoy\u00f3 en varios de los conceptos m\u00e1s potentes del libro:<\/p>\n\n\n\n<ul class=\"wp-block-list\">\n<li>\u201cLa incertidumbre dej\u00f3 de ser una fase: se convirti\u00f3 en el sistema operativo del mundo.\u201d<\/li>\n\n\n\n<li>\u201cLa resiliencia no es resistir, es reconstruir.\u201d<\/li>\n\n\n\n<li>\u201cLa IA no reemplaza la humanidad: la pone a prueba.\u201d<\/li>\n<\/ul>\n\n\n\n<p>El encuentro cerr\u00f3 con una firma de ejemplares y un di\u00e1logo espont\u00e1neo con los asistentes, que coincidieron en que \u201cSomos otros\u201d ofrece una lectura necesaria para comprender los desaf\u00edos emocionales, culturales y tecnol\u00f3gicos de la \u00e9poca.<\/p>\n\n\n\n<p>Sergio Roitberg es consultor y fundador de Newlink, la compa\u00f1\u00eda internacional de engagement con presencia en Am\u00e9rica y Europa. Es creador del m\u00e9todo de consultor\u00eda Pensamiento Orbital, que integra cultura, prop\u00f3sito e innovaci\u00f3n para generar impacto real en contextos de transformaci\u00f3n.<br>Tom\u00e1s Balmaceda, periodista y doctor en Filosof\u00eda por la UBA, es profesor universitario y divulgador especializado en la relaci\u00f3n entre cultura digital, inteligencia artificial y pensamiento contempor\u00e1neo.<\/p>\n","protected":false},"excerpt":{"rendered":"<p>En di\u00e1logo con Tom\u00e1s Balmaceda, el evento se convirti\u00f3 en un encuentro que explor\u00f3 el cambio, la inteligencia artificial y los nuevos liderazgos en un contexto de incertidumbre global. Buenos&hellip; <\/p>\n","protected":false},"author":11,"featured_media":234924,"comment_status":"closed","ping_status":"open","sticky":false,"template":"","format":"standard","meta":{"footnotes":""},"categories":[23,15],"tags":[],"class_list":["post-234923","post","type-post","status-publish","format-standard","has-post-thumbnail","hentry","category-actualidad","category-cultura"],"_links":{"self":[{"href":"https:\/\/corrientesdetarde.com\/index.php\/wp-json\/wp\/v2\/posts\/234923","targetHints":{"allow":["GET"]}}],"collection":[{"href":"https:\/\/corrientesdetarde.com\/index.php\/wp-json\/wp\/v2\/posts"}],"about":[{"href":"https:\/\/corrientesdetarde.com\/index.php\/wp-json\/wp\/v2\/types\/post"}],"author":[{"embeddable":true,"href":"https:\/\/corrientesdetarde.com\/index.php\/wp-json\/wp\/v2\/users\/11"}],"replies":[{"embeddable":true,"href":"https:\/\/corrientesdetarde.com\/index.php\/wp-json\/wp\/v2\/comments?post=234923"}],"version-history":[{"count":1,"href":"https:\/\/corrientesdetarde.com\/index.php\/wp-json\/wp\/v2\/posts\/234923\/revisions"}],"predecessor-version":[{"id":234925,"href":"https:\/\/corrientesdetarde.com\/index.php\/wp-json\/wp\/v2\/posts\/234923\/revisions\/234925"}],"wp:featuredmedia":[{"embeddable":true,"href":"https:\/\/corrientesdetarde.com\/index.php\/wp-json\/wp\/v2\/media\/234924"}],"wp:attachment":[{"href":"https:\/\/corrientesdetarde.com\/index.php\/wp-json\/wp\/v2\/media?parent=234923"}],"wp:term":[{"taxonomy":"category","embeddable":true,"href":"https:\/\/corrientesdetarde.com\/index.php\/wp-json\/wp\/v2\/categories?post=234923"},{"taxonomy":"post_tag","embeddable":true,"href":"https:\/\/corrientesdetarde.com\/index.php\/wp-json\/wp\/v2\/tags?post=234923"}],"curies":[{"name":"wp","href":"https:\/\/api.w.org\/{rel}","templated":true}]}}