{"id":235035,"date":"2025-11-08T08:53:09","date_gmt":"2025-11-08T11:53:09","guid":{"rendered":"https:\/\/corrientesdetarde.com\/?p=235035"},"modified":"2025-11-08T08:53:40","modified_gmt":"2025-11-08T11:53:40","slug":"clausura-2025-newells-se-juega-su-permanencia-en-parque-patricios","status":"publish","type":"post","link":"https:\/\/corrientesdetarde.com\/index.php\/deportes\/clausura-2025-newells-se-juega-su-permanencia-en-parque-patricios\/","title":{"rendered":"CLAUSURA 2025: NEWELL&#8217;S SE JUEGA SU PERMANENCIA EN PARQUE PATRICIOS"},"content":{"rendered":"\n<h2 class=\"wp-block-heading\">La lepra visita al globo obligado a sumar de a tres para dejar atr\u00e1s el descenso. Racing recibe a Defensa.<\/h2>\n\n\n\n<p><strong>Por Nicol\u00e1s Reif<\/strong><\/p>\n\n\n\n<p>La pen\u00faltima fecha del Clausura 2025 de la Liga Profesional del f\u00fatbol argentino de primera divisi\u00f3n continuar\u00e1 este s\u00e1bado con cinco encuentros.<\/p>\n\n\n\n<p>En primer turno, desde las 17 horas, por ESPN Premium, Racing ser\u00e1 anfitri\u00f3n de Defensa y Justicia en un Cilindro sin la presencia de p\u00fablico tras la sanci\u00f3n de Aprevide luego del recibimiento ante Flamengo por Copa Libertadores. La academia y el halc\u00f3n disputar\u00e1n un mano a mano por la clasificaci\u00f3n a los playoffs del certamen.<\/p>\n\n\n\n<p>Simult\u00e1neamente, por TNT Sports, Hurac\u00e1n y Newell&#8217;s se medir\u00e1n en el Tomas Adolfo Duco en un duelo en el que ambos tendr\u00e1n la obligaci\u00f3n de quedarse con los tres puntos, el globo para seguir so\u00f1ando con los playoffs y la Copa Sudamericana y el conjunto rosarino para huir del peligro de descenso.<\/p>\n\n\n\n<p>Posteriormente, a las 19.15, por ESPN, Talleres intentar\u00e1 aprovechar el envi\u00f3n an\u00edmico que le gener\u00f3 el triunfo ante V\u00e9lez en Liniers cuando reciba la visita de un irregular Platense.<\/p>\n\n\n\n<p>Finalmente, la jornada futbolera de s\u00e1bado culminar\u00e1 a las 21.30 con dos partidos.<\/p>\n\n\n\n<p>En San Juan, con transmisi\u00f3n de ESPN, San Mart\u00edn ir\u00e1 por una muy necesaria victoria para so\u00f1ar con la permanencia ante un Lanus con la mente puesta en la final de la Conmebol Sudamericana.<\/p>\n\n\n\n<p>En Santa Fe, por TNT Sports, Uni\u00f3n y Barracas Central jugar\u00e1n una final por la cima del grupo A a la espera de lo que suceda con Boca el domingo.<\/p>\n","protected":false},"excerpt":{"rendered":"<p>La lepra visita al globo obligado a sumar de a tres para dejar atr\u00e1s el descenso. Racing recibe a Defensa. Por Nicol\u00e1s Reif La pen\u00faltima fecha del Clausura 2025 de&hellip; <\/p>\n","protected":false},"author":11,"featured_media":235041,"comment_status":"closed","ping_status":"open","sticky":false,"template":"","format":"standard","meta":{"footnotes":""},"categories":[4],"tags":[],"class_list":["post-235035","post","type-post","status-publish","format-standard","has-post-thumbnail","hentry","category-deportes"],"_links":{"self":[{"href":"https:\/\/corrientesdetarde.com\/index.php\/wp-json\/wp\/v2\/posts\/235035","targetHints":{"allow":["GET"]}}],"collection":[{"href":"https:\/\/corrientesdetarde.com\/index.php\/wp-json\/wp\/v2\/posts"}],"about":[{"href":"https:\/\/corrientesdetarde.com\/index.php\/wp-json\/wp\/v2\/types\/post"}],"author":[{"embeddable":true,"href":"https:\/\/corrientesdetarde.com\/index.php\/wp-json\/wp\/v2\/users\/11"}],"replies":[{"embeddable":true,"href":"https:\/\/corrientesdetarde.com\/index.php\/wp-json\/wp\/v2\/comments?post=235035"}],"version-history":[{"count":1,"href":"https:\/\/corrientesdetarde.com\/index.php\/wp-json\/wp\/v2\/posts\/235035\/revisions"}],"predecessor-version":[{"id":235042,"href":"https:\/\/corrientesdetarde.com\/index.php\/wp-json\/wp\/v2\/posts\/235035\/revisions\/235042"}],"wp:featuredmedia":[{"embeddable":true,"href":"https:\/\/corrientesdetarde.com\/index.php\/wp-json\/wp\/v2\/media\/235041"}],"wp:attachment":[{"href":"https:\/\/corrientesdetarde.com\/index.php\/wp-json\/wp\/v2\/media?parent=235035"}],"wp:term":[{"taxonomy":"category","embeddable":true,"href":"https:\/\/corrientesdetarde.com\/index.php\/wp-json\/wp\/v2\/categories?post=235035"},{"taxonomy":"post_tag","embeddable":true,"href":"https:\/\/corrientesdetarde.com\/index.php\/wp-json\/wp\/v2\/tags?post=235035"}],"curies":[{"name":"wp","href":"https:\/\/api.w.org\/{rel}","templated":true}]}}