{"id":235044,"date":"2025-11-08T09:28:13","date_gmt":"2025-11-08T12:28:13","guid":{"rendered":"https:\/\/corrientesdetarde.com\/?p=235044"},"modified":"2025-11-08T10:25:41","modified_gmt":"2025-11-08T13:25:41","slug":"un-psicologo-fue-condenado-a-9-anos-de-prision-tras-abusar-a-un-nino-con-discapacidad","status":"publish","type":"post","link":"https:\/\/corrientesdetarde.com\/index.php\/crimen-y-justicia\/un-psicologo-fue-condenado-a-9-anos-de-prision-tras-abusar-a-un-nino-con-discapacidad\/","title":{"rendered":"Un psic\u00f3logo fue condenado a 9 a\u00f1os de prisi\u00f3n tras abusar a un joven con discapacidad."},"content":{"rendered":"\n<h2 class=\"wp-block-heading\">El Tribunal de Juicio Colegiado en audiencia de Cesura de Pena impuso la condena a Ricardo Daniel Chercasky por abuso sexual con acceso carnal. Su culpabilidad se estableci\u00f3 el lunes por unanimidad establecida por los doctores Mar\u00eda Mercedes Leconte, Ana del Carmen Figueredo y Dar\u00edo Alejandro Ort\u00edz. La v\u00edctima ten\u00eda 15 a\u00f1os.<\/h2>\n\n\n\n<p>El Tribunal de Juicio de la Primera Circunscripci\u00f3n Judicial compuesto por los doctores Mar\u00eda Mercedes Leconte como presidente y Ana del Carmen Figueredo y Dar\u00edo Alejandro Ort\u00edz como vocales impusieron la pena de 9 a\u00f1os de prisi\u00f3n al psic\u00f3logo Daniel Chercasky, responsable del delito de abuso sexual con acceso carnal en perjuicio de un joven de 15 a\u00f1os con discapacidad, en la localidad de It\u00e1 Ibat\u00e9.<\/p>\n\n\n\n<p>El lunes pasado los magistrados por unanimidad declararon culpable al imputado.<\/p>\n\n\n\n<p>Este jueves, a las 11.30, el Tribunal inici\u00f3 la audiencia de cesura de pena donde se escucharon los alegatos de la Fiscal\u00eda, la Querella, el Asesor de Menores y la Defensa.<ins><\/ins><\/p>\n\n\n\n<p>Adem\u00e1s de los 9 a\u00f1os de prisi\u00f3n se le prohibi\u00f3 tomar contacto con la v\u00edctima. El jueves 13 de noviembre ser\u00e1n publicados los fundamentos.&nbsp;<\/p>\n\n\n\n<h2 class=\"wp-block-heading\">La denuncia<\/h2>\n\n\n\n<p>La denuncia contra el profesional, que se desempe\u00f1aba en el hospital &#8220;Inmaculada Concepci\u00f3n&#8221;, se formaliz\u00f3 el 20 de enero pasado. La causa ya hab\u00eda superado el &#8220;control de acusaci\u00f3n&#8221; ante el juez de Garant\u00edas Leandro Andr\u00e9s Maciel a principios de septiembre, donde se reunieron las evidencias clave.<\/p>\n","protected":false},"excerpt":{"rendered":"<p>El Tribunal de Juicio Colegiado en audiencia de Cesura de Pena impuso la condena a Ricardo Daniel Chercasky por abuso sexual con acceso carnal. Su culpabilidad se estableci\u00f3 el lunes&hellip; <\/p>\n","protected":false},"author":6,"featured_media":235049,"comment_status":"closed","ping_status":"open","sticky":false,"template":"","format":"standard","meta":{"footnotes":""},"categories":[5],"tags":[],"class_list":["post-235044","post","type-post","status-publish","format-standard","has-post-thumbnail","hentry","category-crimen-y-justicia"],"_links":{"self":[{"href":"https:\/\/corrientesdetarde.com\/index.php\/wp-json\/wp\/v2\/posts\/235044","targetHints":{"allow":["GET"]}}],"collection":[{"href":"https:\/\/corrientesdetarde.com\/index.php\/wp-json\/wp\/v2\/posts"}],"about":[{"href":"https:\/\/corrientesdetarde.com\/index.php\/wp-json\/wp\/v2\/types\/post"}],"author":[{"embeddable":true,"href":"https:\/\/corrientesdetarde.com\/index.php\/wp-json\/wp\/v2\/users\/6"}],"replies":[{"embeddable":true,"href":"https:\/\/corrientesdetarde.com\/index.php\/wp-json\/wp\/v2\/comments?post=235044"}],"version-history":[{"count":2,"href":"https:\/\/corrientesdetarde.com\/index.php\/wp-json\/wp\/v2\/posts\/235044\/revisions"}],"predecessor-version":[{"id":235078,"href":"https:\/\/corrientesdetarde.com\/index.php\/wp-json\/wp\/v2\/posts\/235044\/revisions\/235078"}],"wp:featuredmedia":[{"embeddable":true,"href":"https:\/\/corrientesdetarde.com\/index.php\/wp-json\/wp\/v2\/media\/235049"}],"wp:attachment":[{"href":"https:\/\/corrientesdetarde.com\/index.php\/wp-json\/wp\/v2\/media?parent=235044"}],"wp:term":[{"taxonomy":"category","embeddable":true,"href":"https:\/\/corrientesdetarde.com\/index.php\/wp-json\/wp\/v2\/categories?post=235044"},{"taxonomy":"post_tag","embeddable":true,"href":"https:\/\/corrientesdetarde.com\/index.php\/wp-json\/wp\/v2\/tags?post=235044"}],"curies":[{"name":"wp","href":"https:\/\/api.w.org\/{rel}","templated":true}]}}