{"id":235054,"date":"2025-11-08T09:35:36","date_gmt":"2025-11-08T12:35:36","guid":{"rendered":"https:\/\/corrientesdetarde.com\/?p=235054"},"modified":"2025-11-08T16:17:23","modified_gmt":"2025-11-08T19:17:23","slug":"el-acusado-de-agredir-a-inspectores-se-entrego-ante-la-justicia","status":"publish","type":"post","link":"https:\/\/corrientesdetarde.com\/index.php\/locales\/el-acusado-de-agredir-a-inspectores-se-entrego-ante-la-justicia\/","title":{"rendered":"EL acusado de agredir a inspectores se entreg\u00f3 ante la Justicia."},"content":{"rendered":"\n<p>Rub\u00e9n Dar\u00edo Trujillo Caravajal, de nacionalidad colombiana, se entreg\u00f3 ante la Fiscal\u00eda N\u00b04 a cargo de la Dra. Sonia Meza. El hombre estaba acusado por atentado y resistencia a la autoridad, lesiones leves y tentativa de homicidio tras un violento incidente con inspectores municipales.<\/p>\n\n\n\n<p>En el marco de la causa caratulada&nbsp;<strong>\u201cDe oficio por supuesto atentado y resistencia contra la autoridad, lesiones leves y tentativa de homicidio\u201d<\/strong>, que tramita en la&nbsp;<strong>Comisar\u00eda Quinta de Corrientes Capital<\/strong>, este lunes se present\u00f3 de forma espont\u00e1nea ante la Fiscal\u00eda N\u00b04 el ciudadano<strong>&nbsp;Rub\u00e9n Dar\u00edo Trujillo Caravajal, de 42 a\u00f1os<\/strong>, de nacionalidad colombiana, quien&nbsp;<strong>era buscado por la Polic\u00eda desde hace varios d\u00edas.<\/strong><\/p>\n\n\n\n<p>El hecho que origin\u00f3 la causa ocurri\u00f3 el 2 de noviembre de 2025 y fue puesto en conocimiento de la Unidad Fiscal de Investigaciones (UFIC) en turno mediante el Preventivo Digital N\u00b0 377\/256. Desde entonces, se hab\u00edan diligenciado m\u00faltiples allanamientos para dar con el paradero del sospechoso, sin resultados positivos.<\/p>\n\n\n\n<p>De acuerdo con fuentes policiales, Trujillo Caravajal contaba<strong>&nbsp;con pedido de detenci\u00f3n vigente<\/strong>&nbsp;en la v\u00eda p\u00fablica, motivo por el cual se hab\u00edan activado todas las unidades especiales de la Polic\u00eda de Corrientes para concretar su captura. Sin embargo, este lunes, cerca del mediod\u00eda, el acusado se present\u00f3 de manera voluntaria en los estrados judiciales ante la fiscal Dra. Sonia Meza, titular de la UFIC N\u00b04.<\/p>\n\n\n\n<p>Tras la comunicaci\u00f3n correspondiente con el Crio. Mayor Alberto Cano, Director de Seguridad Metropolitana, se dispuso que una comisi\u00f3n policial se hiciera presente en la sede judicial. All\u00ed se procedi\u00f3 a la detenci\u00f3n formal del acusado, quien posteriormente fue trasladado a la Comisar\u00eda Quinta, luego de ser examinado por el m\u00e9dico policial de turno dependiente de la Direcci\u00f3n de Investigaciones Cient\u00edficas y Pericias.<\/p>\n\n\n\n<p>Finalmente, las autoridades informaron que, cumplidas las diligencias de rigor,&nbsp;<strong>Trujillo Caravajal ser\u00e1 trasladado a la Comisar\u00eda del Distrito Riachuelo<\/strong>, donde permanecer\u00e1 alojado en car\u00e1cter de detenido y a disposici\u00f3n del magistrado interviniente.<\/p>\n\n\n\n<p><\/p>\n","protected":false},"excerpt":{"rendered":"<p>Rub\u00e9n Dar\u00edo Trujillo Caravajal, de nacionalidad colombiana, se entreg\u00f3 ante la Fiscal\u00eda N\u00b04 a cargo de la Dra. Sonia Meza. El hombre estaba acusado por atentado y resistencia a la&hellip; <\/p>\n","protected":false},"author":6,"featured_media":235057,"comment_status":"closed","ping_status":"open","sticky":false,"template":"","format":"standard","meta":{"footnotes":""},"categories":[8,33],"tags":[],"class_list":["post-235054","post","type-post","status-publish","format-standard","has-post-thumbnail","hentry","category-locales","category-policiales"],"_links":{"self":[{"href":"https:\/\/corrientesdetarde.com\/index.php\/wp-json\/wp\/v2\/posts\/235054","targetHints":{"allow":["GET"]}}],"collection":[{"href":"https:\/\/corrientesdetarde.com\/index.php\/wp-json\/wp\/v2\/posts"}],"about":[{"href":"https:\/\/corrientesdetarde.com\/index.php\/wp-json\/wp\/v2\/types\/post"}],"author":[{"embeddable":true,"href":"https:\/\/corrientesdetarde.com\/index.php\/wp-json\/wp\/v2\/users\/6"}],"replies":[{"embeddable":true,"href":"https:\/\/corrientesdetarde.com\/index.php\/wp-json\/wp\/v2\/comments?post=235054"}],"version-history":[{"count":2,"href":"https:\/\/corrientesdetarde.com\/index.php\/wp-json\/wp\/v2\/posts\/235054\/revisions"}],"predecessor-version":[{"id":235120,"href":"https:\/\/corrientesdetarde.com\/index.php\/wp-json\/wp\/v2\/posts\/235054\/revisions\/235120"}],"wp:featuredmedia":[{"embeddable":true,"href":"https:\/\/corrientesdetarde.com\/index.php\/wp-json\/wp\/v2\/media\/235057"}],"wp:attachment":[{"href":"https:\/\/corrientesdetarde.com\/index.php\/wp-json\/wp\/v2\/media?parent=235054"}],"wp:term":[{"taxonomy":"category","embeddable":true,"href":"https:\/\/corrientesdetarde.com\/index.php\/wp-json\/wp\/v2\/categories?post=235054"},{"taxonomy":"post_tag","embeddable":true,"href":"https:\/\/corrientesdetarde.com\/index.php\/wp-json\/wp\/v2\/tags?post=235054"}],"curies":[{"name":"wp","href":"https:\/\/api.w.org\/{rel}","templated":true}]}}