{"id":235055,"date":"2025-11-08T09:49:48","date_gmt":"2025-11-08T12:49:48","guid":{"rendered":"https:\/\/corrientesdetarde.com\/?p=235055"},"modified":"2025-11-08T09:49:54","modified_gmt":"2025-11-08T12:49:54","slug":"la-corte-suprema-de-brasil-rechazo-la-apelacion-y-dejo-firme-la-condena-de-carcel-para-bolsonaro","status":"publish","type":"post","link":"https:\/\/corrientesdetarde.com\/index.php\/internacionales\/la-corte-suprema-de-brasil-rechazo-la-apelacion-y-dejo-firme-la-condena-de-carcel-para-bolsonaro\/","title":{"rendered":"La Corte Suprema de Brasil rechaz\u00f3 la apelaci\u00f3n y dej\u00f3 firme la condena de c\u00e1rcel para Bolsonaro."},"content":{"rendered":"\n<h2 class=\"wp-block-heading\">El expresidente fue condenado en septiembre de 2025 por impedir la asunci\u00f3n de Luiz In\u00e1cio \u201cLula\u201d Da Silva.<\/h2>\n\n\n\n<p>La Corte Suprema de Brasil rechaz\u00f3 por unanimidad una apelaci\u00f3n y se mantiene\u00a0<strong>la condena a 27 a\u00f1os de c\u00e1rcel<\/strong>\u00a0para el expresidente\u00a0<strong>Jair Bolsonaro<\/strong>\u00a0por intentar un golpe de Estado tras las elecciones de 2022.<\/p>\n\n\n\n<p>El l\u00edder ultraderechista fue hallado culpable en septiembre de 2025 por haber operado para impedir la asunci\u00f3n de\u00a0<strong>Luiz In\u00e1cio \u201cLula\u201d da Silva<\/strong>, referente de la izquierda brasilera, tras perder los comicios.<\/p>\n\n\n\n<h2 class=\"wp-block-heading\">Rechazo total a la apelaci\u00f3n de Jair Bolsonaro<\/h2>\n\n\n\n<p>En la apelaci\u00f3n, los abogados alegaron \u201c<strong>profundas injusticias<\/strong>\u201d y \u201c<strong>contradicciones<\/strong>\u201d en el fallo que tiene al pol\u00edtico de 70 a\u00f1os cerca de ir a la c\u00e1rcel. La defensa reclam\u00f3 supuestos obst\u00e1culos para ejercer su funci\u00f3n durante el juicio y buscaba reducir la pena.<\/p>\n\n\n\n<p>Los cuatro magistrados de la primera sala del Supremo Tribual Federal votaron en contra del recurso, en una sesi\u00f3n que transcurri\u00f3 de modo virtual. El resultado no ser\u00e1 oficial hasta finalizado el plazo establecido por el tribunal, a la medianoche del 14 de noviembre, seg\u00fan lo informado por&nbsp;<em>AFP.<\/em><\/p>\n\n\n\n<p>El juez&nbsp;<strong>Alexandre de Moraes<\/strong>, a cargo del caso, fue el primero en pronunciarse y rechaz\u00f3 todos los argumentos de la defensa. En un extenso documento de 141 p\u00e1ginas al que accedi\u00f3 laagencia de noticias mencionada, Moraes reiter\u00f3 el papel de Bolsonaro como l\u00edder de una organizaci\u00f3n criminal que, junto a varios colaboradores, conspir\u00f3 para atentar contra el Estado de Derecho Democr\u00e1tico.<\/p>\n\n\n\n<p>Tambi\u00e9n reafirm\u00f3 su actuaci\u00f3n como instigador de los actos del 8 de enero de 2023, cuando cientos de sus seguidores asaltaron las sedes de los poderes p\u00fablicos en Brasilia.&nbsp;<strong>El magistrado neg\u00f3 la existencia de \u201ccercenamiento de defensa\u201d<\/strong>, se\u00f1alando que todas las pruebas fueron puestas a disposici\u00f3n de los abogados.<\/p>\n\n\n\n<h2 class=\"wp-block-heading\">Una pena que se sostiene<\/h2>\n\n\n\n<p>Moraes descart\u00f3 reducir el castigo, argumentando incluso que la avanzada edad de Bolsonaro ya hab\u00eda sido considerada como un factor atenuante. \u201c<strong>La sentencia fundament\u00f3 todas las etapas del c\u00e1lculo de la pena<\/strong>\u201d, escribi\u00f3 el letrado.<\/p>\n\n\n\n<p>Los otros tres jueces votaron en el mismo sentido a lo largo del d\u00eda. El exmandatario (2019-2022)&nbsp;<strong>espera la decisi\u00f3n en prisi\u00f3n domiciliaria preventiva<\/strong>&nbsp;y con prohibici\u00f3n de dar declaraciones p\u00fablicas o usar redes sociales.<\/p>\n\n\n\n<p>A\u00fan cabe otra apelaci\u00f3n. Pero esta puede ser rechazada sin ser sometida a votaci\u00f3n. En ese caso, la condena empezar\u00eda a aplicarse y&nbsp;<strong>Bolsonaro podr\u00eda entrar en prisi\u00f3n<\/strong>.<\/p>\n\n\n\n<p>Por sus problemas de salud, la defensa puede solicitar a la corte que le permita cumplir su condena en casa, tal como ocurri\u00f3 con el expresidente&nbsp;<strong>Fernando Collor de Mello<\/strong>&nbsp;(1990-1992). Obtuvo en mayo prisi\u00f3n domiciliaria para una condena de ocho a\u00f1os por corrupci\u00f3n.<\/p>\n\n\n\n<p>Bolsonaro sufre varias complicaciones derivadas de una pu\u00f1alada en el vientre que recibi\u00f3 en 2018 durante un acto de su campa\u00f1a a la presidencia. Adem\u00e1s, fue diagnosticado recientemente con c\u00e1ncer de piel, aunque le removieron las lesiones.<\/p>\n\n\n\n<p>Tras la condena, el bolsonarismo impuls\u00f3&nbsp;<strong>un proyecto de ley de amnist\u00eda en el Congreso<\/strong>&nbsp;que beneficiar\u00eda al expresidente y a los participantes de los disturbios de aquel 8 de enero.<\/p>\n\n\n\n<p>Sin embargo, la iniciativa se desinfl\u00f3 despu\u00e9s de grandes protestas en varias ciudades de Brasil. El proceso contra el mayor l\u00edder de la derecha brasile\u00f1a avanza mientras Brasil y\u00a0<strong>Estados Unidos<\/strong>\u00a0recomponen su relaci\u00f3n bilateral. Aunque este juicio es una de las tensiones m\u00e1s relevantes.<\/p>\n","protected":false},"excerpt":{"rendered":"<p>El expresidente fue condenado en septiembre de 2025 por impedir la asunci\u00f3n de Luiz In\u00e1cio \u201cLula\u201d Da Silva. La Corte Suprema de Brasil rechaz\u00f3 por unanimidad una apelaci\u00f3n y se&hellip; <\/p>\n","protected":false},"author":6,"featured_media":235061,"comment_status":"closed","ping_status":"open","sticky":false,"template":"","format":"standard","meta":{"footnotes":""},"categories":[11],"tags":[],"class_list":["post-235055","post","type-post","status-publish","format-standard","has-post-thumbnail","hentry","category-internacionales"],"_links":{"self":[{"href":"https:\/\/corrientesdetarde.com\/index.php\/wp-json\/wp\/v2\/posts\/235055","targetHints":{"allow":["GET"]}}],"collection":[{"href":"https:\/\/corrientesdetarde.com\/index.php\/wp-json\/wp\/v2\/posts"}],"about":[{"href":"https:\/\/corrientesdetarde.com\/index.php\/wp-json\/wp\/v2\/types\/post"}],"author":[{"embeddable":true,"href":"https:\/\/corrientesdetarde.com\/index.php\/wp-json\/wp\/v2\/users\/6"}],"replies":[{"embeddable":true,"href":"https:\/\/corrientesdetarde.com\/index.php\/wp-json\/wp\/v2\/comments?post=235055"}],"version-history":[{"count":1,"href":"https:\/\/corrientesdetarde.com\/index.php\/wp-json\/wp\/v2\/posts\/235055\/revisions"}],"predecessor-version":[{"id":235062,"href":"https:\/\/corrientesdetarde.com\/index.php\/wp-json\/wp\/v2\/posts\/235055\/revisions\/235062"}],"wp:featuredmedia":[{"embeddable":true,"href":"https:\/\/corrientesdetarde.com\/index.php\/wp-json\/wp\/v2\/media\/235061"}],"wp:attachment":[{"href":"https:\/\/corrientesdetarde.com\/index.php\/wp-json\/wp\/v2\/media?parent=235055"}],"wp:term":[{"taxonomy":"category","embeddable":true,"href":"https:\/\/corrientesdetarde.com\/index.php\/wp-json\/wp\/v2\/categories?post=235055"},{"taxonomy":"post_tag","embeddable":true,"href":"https:\/\/corrientesdetarde.com\/index.php\/wp-json\/wp\/v2\/tags?post=235055"}],"curies":[{"name":"wp","href":"https:\/\/api.w.org\/{rel}","templated":true}]}}