{"id":235167,"date":"2025-11-09T14:05:30","date_gmt":"2025-11-09T17:05:30","guid":{"rendered":"https:\/\/corrientesdetarde.com\/?p=235167"},"modified":"2025-11-09T14:05:35","modified_gmt":"2025-11-09T17:05:35","slug":"goya-una-mujer-murio-tras-el-despiste-de-una-motocicleta","status":"publish","type":"post","link":"https:\/\/corrientesdetarde.com\/index.php\/locales\/goya-una-mujer-murio-tras-el-despiste-de-una-motocicleta\/","title":{"rendered":"Goya: Una mujer muri\u00f3 tras el despiste de una motocicleta"},"content":{"rendered":"\n<p>La\u00a0<strong>Polic\u00eda de Corrientes\u00a0<\/strong>inform\u00f3 que este domingo se registr\u00f3 un accidente en la ciudad de\u00a0<strong>Goya<\/strong>, el cual result\u00f3 en la\u00a0<strong>muerte de una persona<\/strong>.<\/p>\n\n\n\n<p>Ocurri\u00f3 durante la madrugada de este domingo en sobre calle&nbsp;<strong>Belgrano al 1.428&nbsp;<\/strong>de la&nbsp;<strong>localidad goyana<\/strong>, donde en un&nbsp;<strong>motociclista perdi\u00f3 el control del veh\u00edculo&nbsp;<\/strong>que dirig\u00eda, provocando un despiste que result\u00f3 en la&nbsp;<strong>muerte de su acompa\u00f1ante<\/strong>.<\/p>\n\n\n\n<p>Un&nbsp;<strong>hombre mayor de edad<\/strong>, de&nbsp;<strong>apellido Casco<\/strong>, era quien manejaba una&nbsp;<strong>motocicleta&nbsp;<\/strong>marca&nbsp;<strong>Honda<\/strong>, modelo&nbsp;<strong>Tornado de 250cc<\/strong>. Todav\u00eda se intenta determinar las causas de la p\u00e9rdida de control del rodado y posterior despiste, donde muri\u00f3 una&nbsp;<strong>mujer mayor de edad&nbsp;<\/strong>de&nbsp;<strong>apellido L\u00f3pez<\/strong>.<\/p>\n\n\n\n<p>El&nbsp;<strong>conductor fue atendido por los servicios de emergencias&nbsp;<\/strong>y&nbsp;<strong>trasladado al hospital local<\/strong>&nbsp;&#8220;<strong>Dr. Camilo Muniagurria&#8221;<\/strong>, mientras que la&nbsp;<strong>mujer muri\u00f3 en el lugar&nbsp;<\/strong>debido a las lesiones recibidas en el accidente.<\/p>\n\n\n\n<p>En el sitio, las autoridades realizaron las diligencias del caso, con la intervenci\u00f3n de la&nbsp;<strong>Unidad Fiscal&nbsp;<\/strong>que&nbsp;<strong>investiga&nbsp;<\/strong>las&nbsp;<strong>causas del hecho<\/strong>.<\/p>\n","protected":false},"excerpt":{"rendered":"<p>La\u00a0Polic\u00eda de Corrientes\u00a0inform\u00f3 que este domingo se registr\u00f3 un accidente en la ciudad de\u00a0Goya, el cual result\u00f3 en la\u00a0muerte de una persona. Ocurri\u00f3 durante la madrugada de este domingo en&hellip; <\/p>\n","protected":false},"author":1,"featured_media":235168,"comment_status":"closed","ping_status":"open","sticky":false,"template":"","format":"standard","meta":{"footnotes":""},"categories":[8],"tags":[],"class_list":["post-235167","post","type-post","status-publish","format-standard","has-post-thumbnail","hentry","category-locales"],"_links":{"self":[{"href":"https:\/\/corrientesdetarde.com\/index.php\/wp-json\/wp\/v2\/posts\/235167","targetHints":{"allow":["GET"]}}],"collection":[{"href":"https:\/\/corrientesdetarde.com\/index.php\/wp-json\/wp\/v2\/posts"}],"about":[{"href":"https:\/\/corrientesdetarde.com\/index.php\/wp-json\/wp\/v2\/types\/post"}],"author":[{"embeddable":true,"href":"https:\/\/corrientesdetarde.com\/index.php\/wp-json\/wp\/v2\/users\/1"}],"replies":[{"embeddable":true,"href":"https:\/\/corrientesdetarde.com\/index.php\/wp-json\/wp\/v2\/comments?post=235167"}],"version-history":[{"count":1,"href":"https:\/\/corrientesdetarde.com\/index.php\/wp-json\/wp\/v2\/posts\/235167\/revisions"}],"predecessor-version":[{"id":235169,"href":"https:\/\/corrientesdetarde.com\/index.php\/wp-json\/wp\/v2\/posts\/235167\/revisions\/235169"}],"wp:featuredmedia":[{"embeddable":true,"href":"https:\/\/corrientesdetarde.com\/index.php\/wp-json\/wp\/v2\/media\/235168"}],"wp:attachment":[{"href":"https:\/\/corrientesdetarde.com\/index.php\/wp-json\/wp\/v2\/media?parent=235167"}],"wp:term":[{"taxonomy":"category","embeddable":true,"href":"https:\/\/corrientesdetarde.com\/index.php\/wp-json\/wp\/v2\/categories?post=235167"},{"taxonomy":"post_tag","embeddable":true,"href":"https:\/\/corrientesdetarde.com\/index.php\/wp-json\/wp\/v2\/tags?post=235167"}],"curies":[{"name":"wp","href":"https:\/\/api.w.org\/{rel}","templated":true}]}}