{"id":235250,"date":"2025-11-10T11:56:13","date_gmt":"2025-11-10T14:56:13","guid":{"rendered":"https:\/\/corrientesdetarde.com\/?p=235250"},"modified":"2025-11-10T11:57:29","modified_gmt":"2025-11-10T14:57:29","slug":"la-municipalidad-construye-una-nuevaplaza-en-el-barrio-santa-catalina","status":"publish","type":"post","link":"https:\/\/corrientesdetarde.com\/index.php\/sociales\/la-municipalidad-construye-una-nuevaplaza-en-el-barrio-santa-catalina\/","title":{"rendered":"La Municipalidad construye una nueva plaza en el barrio Santa Catalina"},"content":{"rendered":"\n<p>Durante la gesti\u00f3n del intendente Eduardo Tassano se reformaron 240 plazas y se edificaron desde cero 55 espacios p\u00fablicos. La nueva plaza tendr\u00e1 muchas \u00e1reas de esparcimiento y de infraestructura, con todo a nuevo: play\u00f3n de juegos, plazas blandas y sectores de caminata.<\/p>\n\n\n\n<figure class=\"wp-block-embed is-type-video is-provider-youtube wp-block-embed-youtube wp-embed-aspect-16-9 wp-has-aspect-ratio\"><div class=\"wp-block-embed__wrapper\">\n<iframe loading=\"lazy\" title=\"La Municipalidad construye una nueva plaza para los vecinos del barrio Santa Catalina\" width=\"1110\" height=\"624\" src=\"https:\/\/www.youtube.com\/embed\/iBoxBYT15i0?feature=oembed\" frameborder=\"0\" allow=\"accelerometer; autoplay; clipboard-write; encrypted-media; gyroscope; picture-in-picture; web-share\" referrerpolicy=\"strict-origin-when-cross-origin\" allowfullscreen><\/iframe>\n<\/div><\/figure>\n\n\n\n<p>La Municipalidad de Corrientes avanza con la construcci\u00f3n de una nueva plaza en el barrio Santa Catalina, un nuevo espacio verde que beneficiar\u00e1 a m\u00e1s de mil familias de la zona. Esta obra se enmarca en la pol\u00edtica sostenida de recuperaci\u00f3n y creaci\u00f3n de espacios p\u00fablicos impulsada por la gesti\u00f3n del intendente Eduardo Tassano, que ya lleva 240 plazas reformadas y 55 construidas desde cero en distintos puntos de la ciudad.<br><br>El secretario de Infraestructura municipal, Math\u00edas Cabrera, explic\u00f3 que \u201cla plaza se ubica en el sector IC3 del barrio Santa Catalina, un loteo que se realiz\u00f3 en otra gesti\u00f3n y que formaba parte del compromiso con los vecinos de brindarles lotes con servicios, entre ellos, un espacio p\u00fablico de recreaci\u00f3n\u201d.<br><br>El funcionario destac\u00f3 que la intervenci\u00f3n responde a una demanda concreta de los habitantes del sector. \u201cEste lugar puntualmente necesitaba su espacio p\u00fablico y es por eso que estamos cumpliendo con el compromiso. Se trata de una plaza que se construye desde cero, de amplias dimensiones, que tendr\u00e1 muchas \u00e1reas de esparcimiento y de infraestructura, con todo a nuevo: play\u00f3n de juegos, plazas blandas y sectores de caminata\u201d, detall\u00f3.<br><br>Cabrera indic\u00f3 que la obra requiri\u00f3 una importante preparaci\u00f3n del terreno: \u201cHubo que acondicionar y rellenar esta manzana para poder dejarla a nivel y evitar problemas de anegamiento los d\u00edas de lluvia\u201d. Adem\u00e1s, explic\u00f3 que el dise\u00f1o de la plaza busca combinar funcionalidad y est\u00e9tica. \u201cVa a ser una plaza moderna que seguir\u00e1 la misma sinton\u00eda de las que hemos hecho en la plaza La Tradici\u00f3n, m\u00e1s conocida como el Eucaliptal, en el barrio San Jer\u00f3nimo. Se van a colocar adoquines de color rojo que formar\u00e1n un circuito alrededor de los juegos, para que los chicos est\u00e9n alejados de las calles\u201d, puntualiz\u00f3.<br><br>El espacio, que est\u00e1 estrat\u00e9gicamente ubicado sobre la avenida Nini Flores al 3500, entre Juancito El Peregrino y Adolfo Cipriano Ledesma (frente a la Comisar\u00eda 23), se sumar\u00e1 a las obras de infraestructura que el Municipio y el Gobierno provincial vienen desarrollando en la zona.<br><br>\u201cHace muy poco se inaugur\u00f3 la avenida Nini Flores, que vincula este sector con la avenida Maip\u00fa. La nueva plaza ser\u00e1 muy accesible para los vecinos de toda esta \u00e1rea, donde ya viven unas 300 familias y muchas m\u00e1s en las 678 viviendas cercanas\u201d, agreg\u00f3 Cabrera.<br><br>El funcionario tambi\u00e9n resalt\u00f3 el impacto de esta pol\u00edtica p\u00fablica a lo largo de la actual administraci\u00f3n: \u201cDurante la gesti\u00f3n de Eduardo Tassano se intervinieron y reformaron 240 plazas, y esta es la n\u00famero 55 construida desde cero. Es una pol\u00edtica de Estado que busca que el vecino se apropie del espacio p\u00fablico, lo disfrute y lo cuide\u201d.<br><br>En ese sentido, subray\u00f3 el compromiso comunitario que se viene consolidando: \u201cLos hechos de vandalismo han bajado mucho. Los vecinos est\u00e1n atentos al cuidado y colaboran con la plantaci\u00f3n de \u00e1rboles, en coordinaci\u00f3n con la Secretar\u00eda de Ambiente. Se ha generado un trabajo conjunto muy fruct\u00edfero\u201d.<br><br>Finalmente, Cabrera se\u00f1al\u00f3 que se trabaja contrarreloj para concluir la obra antes del cambio de gesti\u00f3n. \u201cLa idea es terminarla en los \u00faltimos d\u00edas de la gesti\u00f3n, aunque depender\u00e1 del clima, ya que las lluvias semanales complican el ritmo de trabajo. Haremos todo lo posible para entregarla a la comunidad antes del 10 de diciembre\u201d, concluy\u00f3.<\/p>\n","protected":false},"excerpt":{"rendered":"<p>Durante la gesti\u00f3n del intendente Eduardo Tassano se reformaron 240 plazas y se edificaron desde cero 55 espacios p\u00fablicos. La nueva plaza tendr\u00e1 muchas \u00e1reas de esparcimiento y de infraestructura,&hellip; <\/p>\n","protected":false},"author":1,"featured_media":235251,"comment_status":"closed","ping_status":"open","sticky":false,"template":"","format":"standard","meta":{"footnotes":""},"categories":[17],"tags":[],"class_list":["post-235250","post","type-post","status-publish","format-standard","has-post-thumbnail","hentry","category-sociales"],"_links":{"self":[{"href":"https:\/\/corrientesdetarde.com\/index.php\/wp-json\/wp\/v2\/posts\/235250","targetHints":{"allow":["GET"]}}],"collection":[{"href":"https:\/\/corrientesdetarde.com\/index.php\/wp-json\/wp\/v2\/posts"}],"about":[{"href":"https:\/\/corrientesdetarde.com\/index.php\/wp-json\/wp\/v2\/types\/post"}],"author":[{"embeddable":true,"href":"https:\/\/corrientesdetarde.com\/index.php\/wp-json\/wp\/v2\/users\/1"}],"replies":[{"embeddable":true,"href":"https:\/\/corrientesdetarde.com\/index.php\/wp-json\/wp\/v2\/comments?post=235250"}],"version-history":[{"count":2,"href":"https:\/\/corrientesdetarde.com\/index.php\/wp-json\/wp\/v2\/posts\/235250\/revisions"}],"predecessor-version":[{"id":235254,"href":"https:\/\/corrientesdetarde.com\/index.php\/wp-json\/wp\/v2\/posts\/235250\/revisions\/235254"}],"wp:featuredmedia":[{"embeddable":true,"href":"https:\/\/corrientesdetarde.com\/index.php\/wp-json\/wp\/v2\/media\/235251"}],"wp:attachment":[{"href":"https:\/\/corrientesdetarde.com\/index.php\/wp-json\/wp\/v2\/media?parent=235250"}],"wp:term":[{"taxonomy":"category","embeddable":true,"href":"https:\/\/corrientesdetarde.com\/index.php\/wp-json\/wp\/v2\/categories?post=235250"},{"taxonomy":"post_tag","embeddable":true,"href":"https:\/\/corrientesdetarde.com\/index.php\/wp-json\/wp\/v2\/tags?post=235250"}],"curies":[{"name":"wp","href":"https:\/\/api.w.org\/{rel}","templated":true}]}}