{"id":235259,"date":"2025-11-10T13:33:37","date_gmt":"2025-11-10T16:33:37","guid":{"rendered":"https:\/\/corrientesdetarde.com\/?p=235259"},"modified":"2025-11-10T13:34:08","modified_gmt":"2025-11-10T16:34:08","slug":"valdes-entrego-viviendas-y-habilito-obras-deportivas-en-el-noreste-de-la-provincia","status":"publish","type":"post","link":"https:\/\/corrientesdetarde.com\/index.php\/locales\/valdes-entrego-viviendas-y-habilito-obras-deportivas-en-el-noreste-de-la-provincia\/","title":{"rendered":"Vald\u00e9s entreg\u00f3 viviendas y habilit\u00f3 obras deportivas en el Noreste de la provincia"},"content":{"rendered":"\n<p>El gobernador Gustavo Vald\u00e9s entreg\u00f3 este lunes en La Cruz 40 pertenecientes del programa nacional \u201cCasa Propia\u201d, que fueron culminadas con recursos del Gobierno provincial y ratific\u00f3 el compromiso de apuntalar el crecimiento de la zona. Adem\u00e1s, inaugur\u00f3 el nuevo polideportivo municipal en Guavirav\u00ed.<\/p>\n\n\n\n<p>En el marco del acto, el gobernador Gustavo Vald\u00e9s ratific\u00f3 el compromiso de la Provincia de darle a La Cruz, Alvear y toda la zona de influencia, las condiciones necesarias para su desarrollo y crecimiento.<\/p>\n\n\n\n<p>A su vez, destac\u00f3 que estas 40 viviendas entregadas constituyen una obra significativa, que demandaron una inversi\u00f3n de 4.200 millones de pesos, con \u201crecursos que son de todos los correntinos\u201d, lo que da una idea de su dimensi\u00f3n.<\/p>\n\n\n\n<p>En tanto, el mandatario precis\u00f3 que existen otras 250 familias correntinas que esperan tener sus casas y para ellas acceder a un cr\u00e9dito para vivienda es pr\u00e1cticamente inaccesible. \u201cPor ello, debe haber un estado presente que los acompa\u00f1e y que administre los recursos de manera responsable y eficiente\u201d, subray\u00f3.<\/p>\n\n\n\n<p>\u201cNo tenemos dudas que la pr\u00f3xima gesti\u00f3n va a seguir concretando el sue\u00f1o del techo propio para los correntinos. Sabemos que hay familias que hace a\u00f1os la esperan y no las vamos a dejar solas\u201d, enfatiz\u00f3 Vald\u00e9s.<\/p>\n\n\n\n<p>Luego, puso de relieve que por normativa, el 10 por ciento de las viviendas del Invico quedan a disposici\u00f3n del poder ejecutivo y en ese sentido dijo que \u201cdurante estos ocho a\u00f1os de gesti\u00f3n decidimos entregarle primero a las familias con personas con discapacidad, que son las que m\u00e1s las necesitan\u201d.<\/p>\n\n\n\n<p>Continuando, el gobernador pidi\u00f3 a los adjudicatarios que est\u00e9n el d\u00eda con el pago de las cuotas de sus viviendas, para que a trav\u00e9s del Invico \u201cm\u00e1s familias correntinas puedan acceder a un techo digno\u201d.<\/p>\n\n\n\n<p>Para cerrar, Vald\u00e9s inst\u00f3 a la comunidad y a los correntinos a \u201cseguir construyendo juntos el futuro\u201d.<\/p>\n\n\n\n<p><strong>Compromiso provincial<\/strong><\/p>\n\n\n\n<p>El interventor de INVICO, Lizardo Gonz\u00e1lez explic\u00f3 que estas viviendas inauguradas originalmente pertenec\u00edan al programa nacional \u201cCasa Propia\u201d, que fueron concluidas por la Provincia, que aport\u00f3 m\u00e1s del 60% del financiamiento.<\/p>\n\n\n\n<p>\u201cQuiero destacar el compromiso y la visi\u00f3n del gobernador Vald\u00e9s para concluir estas obras\u201d, declar\u00f3 el funcionario, a la vez que pidi\u00f3 a las familias que las cuiden.<\/p>\n\n\n\n<p><strong>Apuesta al deporte en Guavirav\u00ed<\/strong><\/p>\n\n\n\n<p>Previamente, el mandatario junto a su comitiva inauguraron las instalaciones del Polideportivo Municipal en el barrio Matadero de la localidad de Guavirav\u00ed.<\/p>\n\n\n\n<p>\u201cEste es un nuevo espacio construido para que la comunidad pueda practicar distintas disciplinas en mejores condiciones, fomentando la actividad f\u00edsica y el encuentro\u201d, indic\u00f3 Vald\u00e9s remarcando la importancia del deporte en la localidad.<\/p>\n\n\n\n<p><strong>Presencias<\/strong><\/p>\n\n\n\n<p>Acompa\u00f1aron al gobernador, los intendentes de La Cruz, Priscila Toledo, de Guavirav\u00ed, Ariel M\u00e9ndez Ribeiro, de Ituzaing\u00f3, Juan Pablo Vald\u00e9s; el ministro de Desarrollo Social, Ad\u00e1n Gaya, de Justicia, Juan Jos\u00e9 L\u00f3pez Desimoni, de Industria, Mariel Gabur, legisladores, el interventor del INVICO, Lizardo Gonz\u00e1lez; secretarios y subsecretarios provinciales y municipales, concejales, intendentes del interior provincial, adjudicatarios, vecinos, y dem\u00e1s autoridades presentes.<\/p>\n\n\n\n<figure class=\"wp-block-image size-large\"><img loading=\"lazy\" decoding=\"async\" width=\"1024\" height=\"683\" src=\"https:\/\/corrientesdetarde.com\/wp-content\/uploads\/2025\/11\/image-308-1024x683.png\" alt=\"\" class=\"wp-image-235261\" srcset=\"https:\/\/corrientesdetarde.com\/wp-content\/uploads\/2025\/11\/image-308-1024x683.png 1024w, https:\/\/corrientesdetarde.com\/wp-content\/uploads\/2025\/11\/image-308-300x200.png 300w, https:\/\/corrientesdetarde.com\/wp-content\/uploads\/2025\/11\/image-308-768x512.png 768w, https:\/\/corrientesdetarde.com\/wp-content\/uploads\/2025\/11\/image-308-1536x1025.png 1536w, https:\/\/corrientesdetarde.com\/wp-content\/uploads\/2025\/11\/image-308-2048x1367.png 2048w\" sizes=\"auto, (max-width: 1024px) 100vw, 1024px\" \/><\/figure>\n\n\n\n<figure class=\"wp-block-image size-large\"><img loading=\"lazy\" decoding=\"async\" width=\"1024\" height=\"683\" src=\"https:\/\/corrientesdetarde.com\/wp-content\/uploads\/2025\/11\/image-309-1024x683.png\" alt=\"\" class=\"wp-image-235263\" srcset=\"https:\/\/corrientesdetarde.com\/wp-content\/uploads\/2025\/11\/image-309-1024x683.png 1024w, https:\/\/corrientesdetarde.com\/wp-content\/uploads\/2025\/11\/image-309-300x200.png 300w, https:\/\/corrientesdetarde.com\/wp-content\/uploads\/2025\/11\/image-309-768x512.png 768w, https:\/\/corrientesdetarde.com\/wp-content\/uploads\/2025\/11\/image-309-1536x1025.png 1536w, https:\/\/corrientesdetarde.com\/wp-content\/uploads\/2025\/11\/image-309-2048x1367.png 2048w\" sizes=\"auto, (max-width: 1024px) 100vw, 1024px\" \/><\/figure>\n\n\n\n<figure class=\"wp-block-image size-large\"><img loading=\"lazy\" decoding=\"async\" width=\"1024\" height=\"683\" src=\"https:\/\/corrientesdetarde.com\/wp-content\/uploads\/2025\/11\/image-313-1024x683.png\" alt=\"\" class=\"wp-image-235267\" srcset=\"https:\/\/corrientesdetarde.com\/wp-content\/uploads\/2025\/11\/image-313-1024x683.png 1024w, https:\/\/corrientesdetarde.com\/wp-content\/uploads\/2025\/11\/image-313-300x200.png 300w, https:\/\/corrientesdetarde.com\/wp-content\/uploads\/2025\/11\/image-313-768x512.png 768w, https:\/\/corrientesdetarde.com\/wp-content\/uploads\/2025\/11\/image-313-1536x1025.png 1536w, https:\/\/corrientesdetarde.com\/wp-content\/uploads\/2025\/11\/image-313-2048x1367.png 2048w\" sizes=\"auto, (max-width: 1024px) 100vw, 1024px\" \/><\/figure>\n\n\n\n<figure class=\"wp-block-image size-large\"><img loading=\"lazy\" decoding=\"async\" width=\"1024\" height=\"736\" src=\"https:\/\/corrientesdetarde.com\/wp-content\/uploads\/2025\/11\/image-312-1024x736.png\" alt=\"\" class=\"wp-image-235266\" srcset=\"https:\/\/corrientesdetarde.com\/wp-content\/uploads\/2025\/11\/image-312-1024x736.png 1024w, https:\/\/corrientesdetarde.com\/wp-content\/uploads\/2025\/11\/image-312-300x216.png 300w, https:\/\/corrientesdetarde.com\/wp-content\/uploads\/2025\/11\/image-312-768x552.png 768w, https:\/\/corrientesdetarde.com\/wp-content\/uploads\/2025\/11\/image-312-1536x1104.png 1536w, https:\/\/corrientesdetarde.com\/wp-content\/uploads\/2025\/11\/image-312-2048x1472.png 2048w\" sizes=\"auto, (max-width: 1024px) 100vw, 1024px\" \/><\/figure>\n","protected":false},"excerpt":{"rendered":"<p>El gobernador Gustavo Vald\u00e9s entreg\u00f3 este lunes en La Cruz 40 pertenecientes del programa nacional \u201cCasa Propia\u201d, que fueron culminadas con recursos del Gobierno provincial y ratific\u00f3 el compromiso de&hellip; <\/p>\n","protected":false},"author":8,"featured_media":235260,"comment_status":"closed","ping_status":"open","sticky":false,"template":"","format":"standard","meta":{"footnotes":""},"categories":[8],"tags":[],"class_list":["post-235259","post","type-post","status-publish","format-standard","has-post-thumbnail","hentry","category-locales"],"_links":{"self":[{"href":"https:\/\/corrientesdetarde.com\/index.php\/wp-json\/wp\/v2\/posts\/235259","targetHints":{"allow":["GET"]}}],"collection":[{"href":"https:\/\/corrientesdetarde.com\/index.php\/wp-json\/wp\/v2\/posts"}],"about":[{"href":"https:\/\/corrientesdetarde.com\/index.php\/wp-json\/wp\/v2\/types\/post"}],"author":[{"embeddable":true,"href":"https:\/\/corrientesdetarde.com\/index.php\/wp-json\/wp\/v2\/users\/8"}],"replies":[{"embeddable":true,"href":"https:\/\/corrientesdetarde.com\/index.php\/wp-json\/wp\/v2\/comments?post=235259"}],"version-history":[{"count":1,"href":"https:\/\/corrientesdetarde.com\/index.php\/wp-json\/wp\/v2\/posts\/235259\/revisions"}],"predecessor-version":[{"id":235268,"href":"https:\/\/corrientesdetarde.com\/index.php\/wp-json\/wp\/v2\/posts\/235259\/revisions\/235268"}],"wp:featuredmedia":[{"embeddable":true,"href":"https:\/\/corrientesdetarde.com\/index.php\/wp-json\/wp\/v2\/media\/235260"}],"wp:attachment":[{"href":"https:\/\/corrientesdetarde.com\/index.php\/wp-json\/wp\/v2\/media?parent=235259"}],"wp:term":[{"taxonomy":"category","embeddable":true,"href":"https:\/\/corrientesdetarde.com\/index.php\/wp-json\/wp\/v2\/categories?post=235259"},{"taxonomy":"post_tag","embeddable":true,"href":"https:\/\/corrientesdetarde.com\/index.php\/wp-json\/wp\/v2\/tags?post=235259"}],"curies":[{"name":"wp","href":"https:\/\/api.w.org\/{rel}","templated":true}]}}