{"id":235262,"date":"2025-11-10T13:39:13","date_gmt":"2025-11-10T16:39:13","guid":{"rendered":"https:\/\/corrientesdetarde.com\/?p=235262"},"modified":"2025-11-10T13:39:15","modified_gmt":"2025-11-10T16:39:15","slug":"carhue-volvio-a-vibrar-con-la-fiesta-del-pan","status":"publish","type":"post","link":"https:\/\/corrientesdetarde.com\/index.php\/cultura\/carhue-volvio-a-vibrar-con-la-fiesta-del-pan\/","title":{"rendered":"CARHU\u00c9 VOLVI\u00d3 A VIBRAR CON LA FIESTA DEL PAN"},"content":{"rendered":"\n<p>Carhu\u00e9 volvi\u00f3 a demostrar que cuando la comunidad se une, la fiesta se multiplica. La segunda edici\u00f3n de la Fiesta del Pan reuni\u00f3 a miles de familias de toda la regi\u00f3n en el predio de La Rural, donde el trabajo artesanal, la gastronom\u00eda y la m\u00fasica fueron los protagonistas de un fin de semana inolvidable.<\/p>\n\n\n\n<p>Durante las jornadas, el p\u00fablico vibr\u00f3 al ritmo del pan compartido, con talleres, degustaciones, juegos, espect\u00e1culos y clases magistrales que combinaron tradici\u00f3n, creatividad y aprendizaje. Productores locales, emprendedores, artistas y cocineros de primer nivel transformaron el espacio en un verdadero encuentro de sabores y comunidad.<\/p>\n\n\n\n<p>Entre los momentos m\u00e1s celebrados, se destac\u00f3 la participaci\u00f3n de Chef Sale, que cocin\u00f3 scones para todo el pueblo en una demostraci\u00f3n abierta, junto a figuras como Juano Cocina, Ezequiel Ortigoza, Laura Pedersen y Juan Pascuala, quienes compartieron su experiencia y su pasi\u00f3n por la cocina.<\/p>\n\n\n\n<p>Adem\u00e1s, la fiesta reafirm\u00f3 su compromiso con el cuidado del ambiente, impulsando el uso de puntos limpios, la reducci\u00f3n de pl\u00e1sticos y la movilidad sustentable, para cuidar el entorno que nos une.<\/p>\n\n\n\n<p>\u201cLas degustaciones fueron un verdadero \u00e9xito y nos sorprendi\u00f3 gratamente la cantidad de gente que se acerc\u00f3. El pan est\u00e1 en todas las mesas del pa\u00eds, y es s\u00edmbolo de uni\u00f3n, trabajo y cultura; representa lo mejor de lo que somos los argentinos. Nos alegr\u00f3 mucho haber compartido estas tardes tan hermosas\u201d, manifest\u00f3 Victoria Ares, coordinadora de la Fiesta del Pan.<\/p>\n\n\n\n<p>El escenario principal reuni\u00f3 a miles de espectadores, con shows de Feli Gutierrez Merc\u00e9, Lo Luiggi, pe\u00f1as, Djs y hasta malabares de pizza. La Fiesta del Pan 2025 cerr\u00f3 su edici\u00f3n dejando en claro que Carhu\u00e9 sabe celebrar sus ra\u00edces y proyectarse hacia el futuro.<\/p>\n\n\n\n<p>\ud83d\udcf2 M\u00e1s informaci\u00f3n y fotos del evento: @fiestadelpancarhue<\/p>\n","protected":false},"excerpt":{"rendered":"<p>Carhu\u00e9 volvi\u00f3 a demostrar que cuando la comunidad se une, la fiesta se multiplica. La segunda edici\u00f3n de la Fiesta del Pan reuni\u00f3 a miles de familias de toda la&hellip; <\/p>\n","protected":false},"author":11,"featured_media":235269,"comment_status":"closed","ping_status":"open","sticky":false,"template":"","format":"standard","meta":{"footnotes":""},"categories":[15],"tags":[],"class_list":["post-235262","post","type-post","status-publish","format-standard","has-post-thumbnail","hentry","category-cultura"],"_links":{"self":[{"href":"https:\/\/corrientesdetarde.com\/index.php\/wp-json\/wp\/v2\/posts\/235262","targetHints":{"allow":["GET"]}}],"collection":[{"href":"https:\/\/corrientesdetarde.com\/index.php\/wp-json\/wp\/v2\/posts"}],"about":[{"href":"https:\/\/corrientesdetarde.com\/index.php\/wp-json\/wp\/v2\/types\/post"}],"author":[{"embeddable":true,"href":"https:\/\/corrientesdetarde.com\/index.php\/wp-json\/wp\/v2\/users\/11"}],"replies":[{"embeddable":true,"href":"https:\/\/corrientesdetarde.com\/index.php\/wp-json\/wp\/v2\/comments?post=235262"}],"version-history":[{"count":1,"href":"https:\/\/corrientesdetarde.com\/index.php\/wp-json\/wp\/v2\/posts\/235262\/revisions"}],"predecessor-version":[{"id":235270,"href":"https:\/\/corrientesdetarde.com\/index.php\/wp-json\/wp\/v2\/posts\/235262\/revisions\/235270"}],"wp:featuredmedia":[{"embeddable":true,"href":"https:\/\/corrientesdetarde.com\/index.php\/wp-json\/wp\/v2\/media\/235269"}],"wp:attachment":[{"href":"https:\/\/corrientesdetarde.com\/index.php\/wp-json\/wp\/v2\/media?parent=235262"}],"wp:term":[{"taxonomy":"category","embeddable":true,"href":"https:\/\/corrientesdetarde.com\/index.php\/wp-json\/wp\/v2\/categories?post=235262"},{"taxonomy":"post_tag","embeddable":true,"href":"https:\/\/corrientesdetarde.com\/index.php\/wp-json\/wp\/v2\/tags?post=235262"}],"curies":[{"name":"wp","href":"https:\/\/api.w.org\/{rel}","templated":true}]}}