{"id":235271,"date":"2025-11-10T13:49:42","date_gmt":"2025-11-10T16:49:42","guid":{"rendered":"https:\/\/corrientesdetarde.com\/?p=235271"},"modified":"2025-11-10T13:50:00","modified_gmt":"2025-11-10T16:50:00","slug":"destacaron-el-trabajo-de-los-equipos-de-salud-publica-y-el-rol-del-ministro-cardozo-ante-el-chagas","status":"publish","type":"post","link":"https:\/\/corrientesdetarde.com\/index.php\/bienestar-y-salud\/destacaron-el-trabajo-de-los-equipos-de-salud-publica-y-el-rol-del-ministro-cardozo-ante-el-chagas\/","title":{"rendered":"Destacaron el trabajo de los equipos de Salud P\u00fablica y el rol del ministro Cardozo ante el Chagas"},"content":{"rendered":"\n<p><em>Con la visita de autoridades de la OPS y de otros ministerios del pa\u00eds, Corrientes busca la recertificaci\u00f3n de libre de transmisi\u00f3n vectorial de Chagas. La apertura de estas tres jornadas, presidi\u00f3 el titular de la cartera sanitaria provincial.<\/em><\/p>\n\n\n\n<p>En el marco de la Misi\u00f3n Internacional para la evaluaci\u00f3n del estado de la transmisi\u00f3n vectorial de Chagas en las provincias de Corrientes y Neuqu\u00e9n, y en departamentos seleccionados de Mendoza y C\u00f3rdoba, se realiz\u00f3 la apertura y ponencias en el auditorio Juli\u00e1n Zini. Presidi\u00f3, el ministro de Salud P\u00fablica, Ricardo Cardozo, quien fue reconocido por autoridades nacionales e internacionales por el trabajo que se realiza sobre este tema en la provincia.<\/p>\n\n\n\n<p>El titular de la cartera sanitaria, fue impulsor y tuvo un papel clave en el trabajo que se realiz\u00f3 en Corrientes para lograr primero la certificaci\u00f3n de libre de transmisi\u00f3n vectorial y, hoy, buscar la recertificaci\u00f3n. Los presentes, remarcaron su compromiso desde el inicio de su gesti\u00f3n.<\/p>\n\n\n\n<p>\u201cNos decidimos a trabajar fuerte y de manera seria en este sentido. El Chagas es un marcador que tiene que ver con aspectos sanitaros, socioecon\u00f3micos y culturales. No alcanza solo con la funci\u00f3n de un ministerio, tambi\u00e9n hay otras acciones a realizar para mejorar la calidad de vida. Nosotros, le dimos un aspecto humano a la enfermedad\u201d, dijo el ministro&nbsp;Ricardo Cardozo&nbsp;y agradeci\u00f3 el apoyo del gobernador Gustavo Vald\u00e9s.<\/p>\n\n\n\n<p>Entre las acciones que se realizaron, record\u00f3 la imposici\u00f3n del screening neonatal para la detecci\u00f3n de Chagas. Adem\u00e1s, que se sumaron otros actores como al Instituto de Cardiolog\u00eda y al Hospital Juan Pablo II. Asimismo, valor\u00f3 el trabajo de integrantes del equipo de Salud P\u00fablica y el despliegue del trabajo en toda la provincia.<\/p>\n\n\n\n<p>\u201cEl rol rector del Ministerio de Salud de la Naci\u00f3n no debe ser abandonado, las provincias necesitamos trabajar en estas pol\u00edticas activas que sirven para todo el pa\u00eds. As\u00ed como dijeron, esto es una lucha permanente y debemos seguir con este compromiso que asumimos desde el inicio\u201d, sostuvo y expres\u00f3 su aliento a que otras provincias tambi\u00e9n logren esta recertificaci\u00f3n ya que representa el resultado de sus trabajos y es en beneficio de la gente.<\/p>\n\n\n\n<p>Por su parte, en representaci\u00f3n del Ministerio de Educaci\u00f3n, el subsecretario de Gesti\u00f3n Educativa,Julio Nav\u00edas, coment\u00f3 que \u201cdesde nuestro lugar siempre estamos articulando con Salud P\u00fablica, es necesario que hagamos docencia de las enfermedades que nos pueden afectar pero, sobre todo para la prevenci\u00f3n\u201d.<\/p>\n\n\n\n<p>Desde la Organizaci\u00f3n Panamericana de la Salud (OPS), habl\u00f3 el asesor en Vigilancia de la Salud, Prevenci\u00f3n y Control de Enfermedades,&nbsp;Wilmer Marqui\u00f1o. En su alocuci\u00f3n, destac\u00f3 que se trata de \u201cun momento hist\u00f3rico sanitario que refleja el trabajo\u201d de los equipos. A su vez, dijo que el pa\u00eds, \u201cdemostr\u00f3 evoluci\u00f3n constante\u201d y que la recertificaci\u00f3n \u201cno es un punto de llegada, sino un componente permanente\u201d. Record\u00f3 tambi\u00e9n el acompa\u00f1amiento de la OPS en el fortalecimiento de las acciones que se llevan adelante en cuanto a este tema.<\/p>\n\n\n\n<p>Por otra parte, habl\u00f3&nbsp;Gladys Fottore, directora de Zoonosis y Control de Enfermedades Transmitidas por Vectores del Ministerio de Salud de la Naci\u00f3n.<\/p>\n\n\n\n<p>\u201cGracias al ministro por estar. S\u00e9 que es como el padre de este proyecto. Es un gusto compartir con ustedes estas jornadas. En el nombre del Ministerio de Salud de la Naci\u00f3n, les dejo un gran saludo\u201d, expres\u00f3.<\/p>\n\n\n\n<p>La directora general de Epidemiolog\u00eda,&nbsp;Angelina Bobadilla, remarc\u00f3 el trabajo de los equipos de esta Direcci\u00f3n en cuanto a la enfermedad de Chagas, el rol del ministro de Salud P\u00fablica, Ricardo Cardozo, y el acompa\u00f1amiento de otras \u00e1reas no solo de este ministerio, tambi\u00e9n de otros como Educaci\u00f3n.<\/p>\n\n\n\n<p>A su vez, agreg\u00f3 que ma\u00f1ana, martes 11 de noviembre, se visitar\u00e1 San Luis del Palmar y Herlitzka con las autoridades de la OPS y de otros ministerios de Salud del pa\u00eds que est\u00e1n presentes como Neuqu\u00e9n y C\u00f3rdoba. El objetivo es verificar el trabajo. El cierre de estas tres jornadas ser\u00e1 el mi\u00e9rcoles tambi\u00e9n en el auditorio Juli\u00e1n Zini.<\/p>\n\n\n\n<figure class=\"wp-block-image size-large\"><img loading=\"lazy\" decoding=\"async\" width=\"1024\" height=\"683\" src=\"https:\/\/corrientesdetarde.com\/wp-content\/uploads\/2025\/11\/image-314-1024x683.png\" alt=\"\" class=\"wp-image-235272\" srcset=\"https:\/\/corrientesdetarde.com\/wp-content\/uploads\/2025\/11\/image-314-1024x683.png 1024w, https:\/\/corrientesdetarde.com\/wp-content\/uploads\/2025\/11\/image-314-300x200.png 300w, https:\/\/corrientesdetarde.com\/wp-content\/uploads\/2025\/11\/image-314-768x512.png 768w, https:\/\/corrientesdetarde.com\/wp-content\/uploads\/2025\/11\/image-314.png 1280w\" sizes=\"auto, (max-width: 1024px) 100vw, 1024px\" \/><\/figure>\n\n\n\n<figure class=\"wp-block-image size-large\"><img loading=\"lazy\" decoding=\"async\" width=\"1024\" height=\"683\" src=\"https:\/\/corrientesdetarde.com\/wp-content\/uploads\/2025\/11\/image-315-1024x683.png\" alt=\"\" class=\"wp-image-235273\" srcset=\"https:\/\/corrientesdetarde.com\/wp-content\/uploads\/2025\/11\/image-315-1024x683.png 1024w, https:\/\/corrientesdetarde.com\/wp-content\/uploads\/2025\/11\/image-315-300x200.png 300w, https:\/\/corrientesdetarde.com\/wp-content\/uploads\/2025\/11\/image-315-768x512.png 768w, https:\/\/corrientesdetarde.com\/wp-content\/uploads\/2025\/11\/image-315.png 1280w\" sizes=\"auto, (max-width: 1024px) 100vw, 1024px\" \/><\/figure>\n","protected":false},"excerpt":{"rendered":"<p>Con la visita de autoridades de la OPS y de otros ministerios del pa\u00eds, Corrientes busca la recertificaci\u00f3n de libre de transmisi\u00f3n vectorial de Chagas. La apertura de estas tres&hellip; <\/p>\n","protected":false},"author":8,"featured_media":235274,"comment_status":"closed","ping_status":"open","sticky":false,"template":"","format":"standard","meta":{"footnotes":""},"categories":[23,16],"tags":[],"class_list":["post-235271","post","type-post","status-publish","format-standard","has-post-thumbnail","hentry","category-actualidad","category-bienestar-y-salud"],"_links":{"self":[{"href":"https:\/\/corrientesdetarde.com\/index.php\/wp-json\/wp\/v2\/posts\/235271","targetHints":{"allow":["GET"]}}],"collection":[{"href":"https:\/\/corrientesdetarde.com\/index.php\/wp-json\/wp\/v2\/posts"}],"about":[{"href":"https:\/\/corrientesdetarde.com\/index.php\/wp-json\/wp\/v2\/types\/post"}],"author":[{"embeddable":true,"href":"https:\/\/corrientesdetarde.com\/index.php\/wp-json\/wp\/v2\/users\/8"}],"replies":[{"embeddable":true,"href":"https:\/\/corrientesdetarde.com\/index.php\/wp-json\/wp\/v2\/comments?post=235271"}],"version-history":[{"count":1,"href":"https:\/\/corrientesdetarde.com\/index.php\/wp-json\/wp\/v2\/posts\/235271\/revisions"}],"predecessor-version":[{"id":235275,"href":"https:\/\/corrientesdetarde.com\/index.php\/wp-json\/wp\/v2\/posts\/235271\/revisions\/235275"}],"wp:featuredmedia":[{"embeddable":true,"href":"https:\/\/corrientesdetarde.com\/index.php\/wp-json\/wp\/v2\/media\/235274"}],"wp:attachment":[{"href":"https:\/\/corrientesdetarde.com\/index.php\/wp-json\/wp\/v2\/media?parent=235271"}],"wp:term":[{"taxonomy":"category","embeddable":true,"href":"https:\/\/corrientesdetarde.com\/index.php\/wp-json\/wp\/v2\/categories?post=235271"},{"taxonomy":"post_tag","embeddable":true,"href":"https:\/\/corrientesdetarde.com\/index.php\/wp-json\/wp\/v2\/tags?post=235271"}],"curies":[{"name":"wp","href":"https:\/\/api.w.org\/{rel}","templated":true}]}}