{"id":235276,"date":"2025-11-10T13:54:15","date_gmt":"2025-11-10T16:54:15","guid":{"rendered":"https:\/\/corrientesdetarde.com\/?p=235276"},"modified":"2025-11-10T13:54:54","modified_gmt":"2025-11-10T16:54:54","slug":"se-conocio-la-grave-lesion-que-sufrio-maxi-meza-estara-al-menos-tres-meses-fuera-de-las-canchas","status":"publish","type":"post","link":"https:\/\/corrientesdetarde.com\/index.php\/deportes\/se-conocio-la-grave-lesion-que-sufrio-maxi-meza-estara-al-menos-tres-meses-fuera-de-las-canchas\/","title":{"rendered":"Se conoci\u00f3 la grave lesi\u00f3n que sufri\u00f3 Maxi Meza: estar\u00e1 al menos tres meses fuera de las canchas"},"content":{"rendered":"\n<p>El mediocampista fue reemplazado por Mat\u00edas Galarza Fonda a los 30 minutos del primer tiempo y se fue de la cancha entre l\u00e1grimas.<\/p>\n\n\n\n<p><strong>Maximiliano Meza<\/strong>\u00a0sufri\u00f3 una\u00a0<strong>lesi\u00f3n seria en la rodilla izquierda<\/strong>\u00a0que lo dejar\u00e1 al menos tres meses fuera de las canchas. Seg\u00fan el parte m\u00e9dico de River, el mediocampista tuvo una\u00a0<strong>avulsi\u00f3n del tend\u00f3n rotuliano<\/strong>, una dolencia que requerir\u00e1 cirug\u00eda en los pr\u00f3ximos d\u00edas.<\/p>\n\n\n\n<p>La lesi\u00f3n del futbolista Millonario ocurri\u00f3 a los 30 minutos del primer tiempo, de manera fortuita y sin contacto con un rival. Cay\u00f3 al suelo cuando buscaba una pelota, en una acci\u00f3n que r\u00e1pidamente preocup\u00f3 al cuerpo t\u00e9cnico.&nbsp;<strong>Meza fue retirado con gestos de dolor y l\u00e1grimas, mientras los m\u00e9dicos de River anticipaban la gravedad del cuadro<\/strong>. La confirmaci\u00f3n posterior termin\u00f3 de ratificar lo peor para un jugador que ven\u00eda recuper\u00e1ndose de molestias previas en la misma zona.<\/p>\n\n\n\n<p>La noticia golpea en un momento sensible para el equipo de Marcelo Gallardo, que busca&nbsp;<strong>reenfocarse tras la derrota y no perder terreno en la pelea por clasificar a la Copa Libertadores 2026<\/strong>. La baja de Meza implica una p\u00e9rdida importante en la estructura del mediocampo, tanto por su despliegue como por su capacidad en ataque.<\/p>\n\n\n\n<p>River deber\u00e1 ahora reorganizar su esquema mientras el futbolista inicia su rehabilitaci\u00f3n.&nbsp;<strong>Galarza Fonda<\/strong>,&nbsp;<strong>Juanfer Quintero<\/strong>&nbsp;o&nbsp;<strong>Nacho Fern\u00e1ndez&nbsp;<\/strong>podr\u00edan ser sus reemplazantes en la \u00faltima fecha ante V\u00e9lez y tambi\u00e9n en caso de que el Millonario se clasifique a los playoffs.<\/p>\n\n\n\n<figure class=\"wp-block-image\"><img decoding=\"async\" src=\"https:\/\/tn.com.ar\/resizer\/v2\/maxi-meza-estara-tres-meses-afuera-de-la-cancha-river-plate-tw-JXIGAJ5QSZC5LCCX3OUY7SSSUA.jpg?auth=638ed252fb07b55f2df3149139fe8f0f6d6a6a70d69e04cd357022a2c158e51a&amp;width=767\" alt=\"Maxi Meza estar\u00e1 tres meses afuera de la cancha. (River Plate TW)\"\/><\/figure>\n\n\n\n<p>En N\u00fa\u00f1ez se vive un clima de preocupaci\u00f3n y cautela. La lesi\u00f3n de Meza se suma al malestar que dej\u00f3 la derrota en el Supercl\u00e1sico, un golpe que excede lo deportivo. El club espera que la operaci\u00f3n se realice esta semana y que el jugador pueda comenzar cuanto antes una recuperaci\u00f3n que, seg\u00fan estiman los m\u00e9dicos, demandar\u00e1 cerca de noventa d\u00edas.<\/p>\n","protected":false},"excerpt":{"rendered":"<p>El mediocampista fue reemplazado por Mat\u00edas Galarza Fonda a los 30 minutos del primer tiempo y se fue de la cancha entre l\u00e1grimas. Maximiliano Meza\u00a0sufri\u00f3 una\u00a0lesi\u00f3n seria en la rodilla&hellip; <\/p>\n","protected":false},"author":8,"featured_media":235277,"comment_status":"closed","ping_status":"open","sticky":false,"template":"","format":"standard","meta":{"footnotes":""},"categories":[4],"tags":[],"class_list":["post-235276","post","type-post","status-publish","format-standard","has-post-thumbnail","hentry","category-deportes"],"_links":{"self":[{"href":"https:\/\/corrientesdetarde.com\/index.php\/wp-json\/wp\/v2\/posts\/235276","targetHints":{"allow":["GET"]}}],"collection":[{"href":"https:\/\/corrientesdetarde.com\/index.php\/wp-json\/wp\/v2\/posts"}],"about":[{"href":"https:\/\/corrientesdetarde.com\/index.php\/wp-json\/wp\/v2\/types\/post"}],"author":[{"embeddable":true,"href":"https:\/\/corrientesdetarde.com\/index.php\/wp-json\/wp\/v2\/users\/8"}],"replies":[{"embeddable":true,"href":"https:\/\/corrientesdetarde.com\/index.php\/wp-json\/wp\/v2\/comments?post=235276"}],"version-history":[{"count":1,"href":"https:\/\/corrientesdetarde.com\/index.php\/wp-json\/wp\/v2\/posts\/235276\/revisions"}],"predecessor-version":[{"id":235278,"href":"https:\/\/corrientesdetarde.com\/index.php\/wp-json\/wp\/v2\/posts\/235276\/revisions\/235278"}],"wp:featuredmedia":[{"embeddable":true,"href":"https:\/\/corrientesdetarde.com\/index.php\/wp-json\/wp\/v2\/media\/235277"}],"wp:attachment":[{"href":"https:\/\/corrientesdetarde.com\/index.php\/wp-json\/wp\/v2\/media?parent=235276"}],"wp:term":[{"taxonomy":"category","embeddable":true,"href":"https:\/\/corrientesdetarde.com\/index.php\/wp-json\/wp\/v2\/categories?post=235276"},{"taxonomy":"post_tag","embeddable":true,"href":"https:\/\/corrientesdetarde.com\/index.php\/wp-json\/wp\/v2\/tags?post=235276"}],"curies":[{"name":"wp","href":"https:\/\/api.w.org\/{rel}","templated":true}]}}