{"id":235279,"date":"2025-11-10T14:09:33","date_gmt":"2025-11-10T17:09:33","guid":{"rendered":"https:\/\/corrientesdetarde.com\/?p=235279"},"modified":"2025-11-10T14:10:04","modified_gmt":"2025-11-10T17:10:04","slug":"exitosa-noche-de-los-museos-en-la-legislatura-provincial","status":"publish","type":"post","link":"https:\/\/corrientesdetarde.com\/index.php\/eventossociedad\/exitosa-noche-de-los-museos-en-la-legislatura-provincial\/","title":{"rendered":"Exitosa Noche de los Museos en la Legislatura Provincial"},"content":{"rendered":"\n<p>La Noche de los Museos convoc\u00f3 a una amplia participaci\u00f3n de espacios culturales provinciales y municipales, junto con instituciones educativas y art\u00edsticas de distintas localidades del interior. Museos, centros culturales, teatros y espacios institucionales, abrieron sus puertas para recibir al p\u00fablico, ofreciendo propuestas diversas y gratuitas que pusieron en valor el patrimonio cultural correntino.<br>La esperada inauguraci\u00f3n del Macc, Museo de Arte Contempor\u00e1neo de Corrientes, encabezada por el Gobernador Gustavo Vald\u00e9s, y el vicegobernador Pedro Braillard Poccard, junto a la presidente del Instituto de Cultura Beatriz Kunin, la Asociaci\u00f3n de Amigos del museo, liderada por Luis Niveiro, ferviente impulsor del proyecto, funcionarios y artistas, fue sin dudas, el centro de atenci\u00f3n de una noche que tuvo gratas sorpresas en todos los espacios que se sumaron a la propuesta.<br>El Senado de la provincia se sum\u00f3 a esta actividad, con la participaci\u00f3n especial de Nathalia Rodriguez y el Ballet Gitane junto a la Orquesta Sinf\u00f3nica de la provincia, dirigida por la Maestra Andrea Fusco, quienes formaron parte de la inauguraci\u00f3n del Macc.<br>Por otra parte, en el Palacio Legislativo, Coral Corrientes y el Ballet folkl\u00f3rico juvenil, acompa\u00f1aron la muestra \u201cMirada al Este\u201d, un homenaje a la independencia de Brasil que re\u00fane a destacados artistas pl\u00e1sticos de la regi\u00f3n. El Ballet folkl\u00f3rico particip\u00f3 tambi\u00e9n en el Museo de Artesan\u00edas de la Provincia, y el tenor Sergio Casco deleit\u00f3 al p\u00fablico en el Museo Hist\u00f3rico de la Provincia.<br>De esta manera, el Senado y la Vicegobernaci\u00f3n de Corrientes, reafirman su compromiso con el arte y la cultura local, fortaleciendo su rol como promotor del v\u00ednculo entre artistas y comunidad.<br>Muestra en el Sal\u00f3n de los Pasos Perdidos<br>La muestra Mirada al Este continuar\u00e1 habilitada en la legislatura, en horario extendido de 8,00 a 20,00 hs, con entrada libre y gratuita. Tal como la defini\u00f3 Braillard Poccard es un ejemplo del arte como herramienta de uni\u00f3n entre los pueblos. \u201cCreo sinceramente que la vida cultural es la manera m\u00e1s s\u00f3lida de establecer relaciones duraderas entre nuestros pueblos\u201d, expres\u00f3.<br>La muestra, organizada junto a la Asociaci\u00f3n de Cultura Argentino-Brasile\u00f1a de Resistencia, propone un di\u00e1logo visual entre seis artistas del nordeste argentino y Brasil: Rolando S\u00e1 Fleitas, Dante Arias, Esteban G\u00f3mez, Jos\u00e9 Kura, Titina D\u00edaz Setuvi y F\u00e1tima Velardez y la curador\u00eda de Dante Arias.<\/p>\n\n\n\n<figure class=\"wp-block-image size-large\"><img loading=\"lazy\" decoding=\"async\" width=\"1024\" height=\"682\" src=\"https:\/\/corrientesdetarde.com\/wp-content\/uploads\/2025\/11\/WhatsApp-Image-2025-11-10-at-14.02.11-1024x682.jpeg\" alt=\"\" class=\"wp-image-235281\" srcset=\"https:\/\/corrientesdetarde.com\/wp-content\/uploads\/2025\/11\/WhatsApp-Image-2025-11-10-at-14.02.11-1024x682.jpeg 1024w, https:\/\/corrientesdetarde.com\/wp-content\/uploads\/2025\/11\/WhatsApp-Image-2025-11-10-at-14.02.11-300x200.jpeg 300w, https:\/\/corrientesdetarde.com\/wp-content\/uploads\/2025\/11\/WhatsApp-Image-2025-11-10-at-14.02.11-768x512.jpeg 768w, https:\/\/corrientesdetarde.com\/wp-content\/uploads\/2025\/11\/WhatsApp-Image-2025-11-10-at-14.02.11.jpeg 1280w\" sizes=\"auto, (max-width: 1024px) 100vw, 1024px\" \/><\/figure>\n\n\n\n<figure class=\"wp-block-image size-large\"><img loading=\"lazy\" decoding=\"async\" width=\"1024\" height=\"682\" src=\"https:\/\/corrientesdetarde.com\/wp-content\/uploads\/2025\/11\/WhatsApp-Image-2025-11-10-at-14.02.11-1-1024x682.jpeg\" alt=\"\" class=\"wp-image-235282\" srcset=\"https:\/\/corrientesdetarde.com\/wp-content\/uploads\/2025\/11\/WhatsApp-Image-2025-11-10-at-14.02.11-1-1024x682.jpeg 1024w, https:\/\/corrientesdetarde.com\/wp-content\/uploads\/2025\/11\/WhatsApp-Image-2025-11-10-at-14.02.11-1-300x200.jpeg 300w, https:\/\/corrientesdetarde.com\/wp-content\/uploads\/2025\/11\/WhatsApp-Image-2025-11-10-at-14.02.11-1-768x512.jpeg 768w, https:\/\/corrientesdetarde.com\/wp-content\/uploads\/2025\/11\/WhatsApp-Image-2025-11-10-at-14.02.11-1.jpeg 1280w\" sizes=\"auto, (max-width: 1024px) 100vw, 1024px\" \/><\/figure>\n\n\n\n<figure class=\"wp-block-image size-large\"><img loading=\"lazy\" decoding=\"async\" width=\"1024\" height=\"682\" src=\"https:\/\/corrientesdetarde.com\/wp-content\/uploads\/2025\/11\/WhatsApp-Image-2025-11-10-at-14.02.11-3-1024x682.jpeg\" alt=\"\" class=\"wp-image-235284\" srcset=\"https:\/\/corrientesdetarde.com\/wp-content\/uploads\/2025\/11\/WhatsApp-Image-2025-11-10-at-14.02.11-3-1024x682.jpeg 1024w, https:\/\/corrientesdetarde.com\/wp-content\/uploads\/2025\/11\/WhatsApp-Image-2025-11-10-at-14.02.11-3-300x200.jpeg 300w, https:\/\/corrientesdetarde.com\/wp-content\/uploads\/2025\/11\/WhatsApp-Image-2025-11-10-at-14.02.11-3-768x512.jpeg 768w, https:\/\/corrientesdetarde.com\/wp-content\/uploads\/2025\/11\/WhatsApp-Image-2025-11-10-at-14.02.11-3.jpeg 1280w\" sizes=\"auto, (max-width: 1024px) 100vw, 1024px\" \/><\/figure>\n\n\n\n<figure class=\"wp-block-image size-large\"><img loading=\"lazy\" decoding=\"async\" width=\"1024\" height=\"682\" src=\"https:\/\/corrientesdetarde.com\/wp-content\/uploads\/2025\/11\/WhatsApp-Image-2025-11-10-at-14.02.11-4-1024x682.jpeg\" alt=\"\" class=\"wp-image-235283\" srcset=\"https:\/\/corrientesdetarde.com\/wp-content\/uploads\/2025\/11\/WhatsApp-Image-2025-11-10-at-14.02.11-4-1024x682.jpeg 1024w, https:\/\/corrientesdetarde.com\/wp-content\/uploads\/2025\/11\/WhatsApp-Image-2025-11-10-at-14.02.11-4-300x200.jpeg 300w, https:\/\/corrientesdetarde.com\/wp-content\/uploads\/2025\/11\/WhatsApp-Image-2025-11-10-at-14.02.11-4-768x512.jpeg 768w, https:\/\/corrientesdetarde.com\/wp-content\/uploads\/2025\/11\/WhatsApp-Image-2025-11-10-at-14.02.11-4.jpeg 1280w\" sizes=\"auto, (max-width: 1024px) 100vw, 1024px\" \/><\/figure>\n","protected":false},"excerpt":{"rendered":"<p>La Noche de los Museos convoc\u00f3 a una amplia participaci\u00f3n de espacios culturales provinciales y municipales, junto con instituciones educativas y art\u00edsticas de distintas localidades del interior. Museos, centros culturales,&hellip; <\/p>\n","protected":false},"author":8,"featured_media":235280,"comment_status":"closed","ping_status":"open","sticky":false,"template":"","format":"standard","meta":{"footnotes":""},"categories":[1208],"tags":[],"class_list":["post-235279","post","type-post","status-publish","format-standard","has-post-thumbnail","hentry","category-eventossociedad"],"_links":{"self":[{"href":"https:\/\/corrientesdetarde.com\/index.php\/wp-json\/wp\/v2\/posts\/235279","targetHints":{"allow":["GET"]}}],"collection":[{"href":"https:\/\/corrientesdetarde.com\/index.php\/wp-json\/wp\/v2\/posts"}],"about":[{"href":"https:\/\/corrientesdetarde.com\/index.php\/wp-json\/wp\/v2\/types\/post"}],"author":[{"embeddable":true,"href":"https:\/\/corrientesdetarde.com\/index.php\/wp-json\/wp\/v2\/users\/8"}],"replies":[{"embeddable":true,"href":"https:\/\/corrientesdetarde.com\/index.php\/wp-json\/wp\/v2\/comments?post=235279"}],"version-history":[{"count":1,"href":"https:\/\/corrientesdetarde.com\/index.php\/wp-json\/wp\/v2\/posts\/235279\/revisions"}],"predecessor-version":[{"id":235285,"href":"https:\/\/corrientesdetarde.com\/index.php\/wp-json\/wp\/v2\/posts\/235279\/revisions\/235285"}],"wp:featuredmedia":[{"embeddable":true,"href":"https:\/\/corrientesdetarde.com\/index.php\/wp-json\/wp\/v2\/media\/235280"}],"wp:attachment":[{"href":"https:\/\/corrientesdetarde.com\/index.php\/wp-json\/wp\/v2\/media?parent=235279"}],"wp:term":[{"taxonomy":"category","embeddable":true,"href":"https:\/\/corrientesdetarde.com\/index.php\/wp-json\/wp\/v2\/categories?post=235279"},{"taxonomy":"post_tag","embeddable":true,"href":"https:\/\/corrientesdetarde.com\/index.php\/wp-json\/wp\/v2\/tags?post=235279"}],"curies":[{"name":"wp","href":"https:\/\/api.w.org\/{rel}","templated":true}]}}