{"id":235323,"date":"2025-11-10T17:04:09","date_gmt":"2025-11-10T20:04:09","guid":{"rendered":"https:\/\/corrientesdetarde.com\/?p=235323"},"modified":"2025-11-10T17:04:40","modified_gmt":"2025-11-10T20:04:40","slug":"el-gobierno-evita-confrontar-con-macri-en-medio-de-la-negociacion-por-la-coparticipacion-y-el-presupuesto","status":"publish","type":"post","link":"https:\/\/corrientesdetarde.com\/index.php\/actualidad\/el-gobierno-evita-confrontar-con-macri-en-medio-de-la-negociacion-por-la-coparticipacion-y-el-presupuesto\/","title":{"rendered":"El Gobierno evita confrontar con Macri en medio de la negociaci\u00f3n por la coparticipaci\u00f3n y el Presupuesto"},"content":{"rendered":"\n<p>El alcalde porte\u00f1o reclam\u00f3 que el oficialismo incluya la deuda que tiene con CABA en el proyecto que ya tiene dictamen de mayor\u00eda. Luis Caputo recibir\u00e1 al dirigente del PRO este martes.<a href=\"https:\/\/tn.com.ar\/autor\/Josefina-Godoy-Martinez\/\"><\/a><\/p>\n\n\n\n<p>El\u00a0<strong>Gobierno<\/strong>\u00a0evita confrontar con <strong>Jorge Macri<\/strong>\u00a0en medio de la negociaci\u00f3n por la coparticipaci\u00f3n y el\u00a0<strong>Presupuesto 2026.<\/strong><\/p>\n\n\n\n<p>El jefe de Gobierno porte\u00f1o pidi\u00f3 que los<strong>&nbsp;fondos nacionales adeudados por la coparticipaci\u00f3n de impuestos aparezcan en el Presupuesto&nbsp;<\/strong>que el oficialismo quiere tratar en sesiones extraordinarias.<\/p>\n\n\n\n<p>Seg\u00fan el dirigente del PRO, desde agosto que la Casa Rosada incumple la transacci\u00f3n de recursos que el Ministerio de Econom\u00eda acord\u00f3 con la Ciudad de Buenos Aires<strong>&nbsp;tras el fallo de la Corte Suprema que le dio la raz\u00f3n a la gesti\u00f3n de Macri.<\/strong><\/p>\n\n\n\n<p>Todos los ojos est\u00e1n puestos en la&nbsp;<strong>reuni\u00f3n que mantendr\u00e1 el funcionario porte\u00f1o con el ministro de Econom\u00eda, Luis Caputo, este martes.<\/strong>&nbsp;\u201cMa\u00f1ana se comunicar\u00e1 lo que pasar\u00e1 en la reuni\u00f3n una vez que finalice\u201d, expresaron desde ese organismo.<\/p>\n\n\n\n<p>Asimismo, en Presidencia aseguraron que ya habr\u00e1 tiempo para que Diego Santilli -ministro del Interior-, se comunique con el jefe de Gobierno porte\u00f1o, evitando entrar en detalles sobre si ya hablaron del tema.<\/p>\n\n\n\n<h2 class=\"wp-block-heading\">Jorge Macri y sus cr\u00edticas al Gobierno: tambi\u00e9n sostuvo que ve \u201cmucho exitismo\u201d en el oficialismo tras las elecciones<\/h2>\n\n\n\n<p>Tras los dichos de<strong>\u00a0Jorge Macri<\/strong>\u00a0contra el\u00a0<strong>Gobierno<\/strong>, en el oficialismo negaron tener una postura\u00a0<strong>exitista tras el resultado de\u00a0La Libertad Avanza\u00a0en las elecciones del 26 de octubre.<\/strong><\/p>\n\n\n\n<p><strong>\u201cTomamos con humildad este triunfo\u201d,\u00a0<\/strong>expresaron en Balcarce 50. Las declaraciones van contra lo que dijo el jefe de Gobierno porte\u00f1o este domingo, que sostuvo que ve\u00a0<strong>\u201cmucho exitismo\u201d en el Ejecutivo.<\/strong><\/p>\n\n\n\n<p>En di\u00e1logo con&nbsp;<em>LN+,<\/em>&nbsp;el dirigente del PRO hab\u00eda agregado que el PRO quer\u00eda \u201cvolver a gobernar Naci\u00f3n\u201d.<\/p>\n\n\n\n<p>No obstante, la Casa Rosada no acusa recibo: \u201c<strong>No fuimos los peores en su momento ni somos los mejores ahora.<\/strong>&nbsp;Entendimos lo que ped\u00eda la sociedad\u201d.<\/p>\n\n\n\n<p>Adem\u00e1s, hay ciertos interlocutores que tienen una hip\u00f3tesis sobre por qu\u00e9 Jorge Macri se expres\u00f3 as\u00ed contra la gesti\u00f3n libertaria: \u201cEs una estrategia para continuar en una posici\u00f3n de&nbsp;<strong>negociaci\u00f3n<\/strong>\u201d.<\/p>\n\n\n\n<figure class=\"wp-block-image\"><img decoding=\"async\" src=\"https:\/\/tn.com.ar\/resizer\/v2\/jorge-macri-dijo-este-domingo-que-veia-una-postura-de-exitismo-en-el-gobierno-tras-el-triunfo-en-las-elecciones-legislativas-foto-reuters-agustin-marcarian-3CHVZJMVGZBNTF2HWLEQY7QL6A.jpg?auth=8fdbd15a823b348de8e9420be32fb5489d4889782553caac5a01a0d34d97e286&amp;width=767\" alt=\"Jorge Macri dijo este domingo que ve\u00eda una postura de exitismo en el Gobierno, tras el triunfo en las elecciones legislativas. (Foto: Reuters - Agust\u00edn Marcarian)\"\/><\/figure>\n\n\n\n<p>En ese sentido, integrantes del oficialismo sostienen que el PRO se jacta de acompa\u00f1ar al Gobierno \u201csin ser parte de \u00e9l\u201d. Es decir, no descartan que el partido de Mauricio Macri a\u00fan tenga intenciones de sumar alg\u00fan alfil propio a las filas libertarias.<\/p>\n\n\n\n<p>Pero, tambi\u00e9n, ven como puntapi\u00e9 de la tensi\u00f3n la \u00faltima cena entre Javier Milei y Mauricio Macri. Ocurri\u00f3 en la Quinta de Olivos despu\u00e9s de las elecciones legislativas, el d\u00eda que Guillermo Francos confirm\u00f3 que dejar\u00eda la Jefatura de Gabinete.<\/p>\n\n\n\n<p>Tras ello, el expresidente expres\u00f3 su enojo en X, con un mensaje contundente contra el Presidente. \u201cLa idea era pensar la mejor manera de reforzar los equipos y prepararse para esta segunda etapa, pero no logramos ponernos de acuerdo\u201d.<\/p>\n\n\n\n<p>Y sum\u00f3: \u201cLa salida de un hombre con capacidad y equilibrio como Guillermo Francos, que para la ciudadan\u00eda representaba sensatez, para ser reemplazado por otro sin experiencia (Manuel Adorni), no parece ser una buena noticia\u201d.<\/p>\n\n\n\n<figure class=\"wp-block-image\"><img decoding=\"async\" src=\"https:\/\/tn.com.ar\/resizer\/v2\/durante-la-ultima-cena-que-tuvieron-milei-y-macri-tuvieron-diferencias-por-la-salida-de-guillermo-francos-de-la-jefatura-de-gabinete-foto-jefatura-de-gabinete-T6ALF5FYTJGOJJN3GC6QGFCDKY.jpg?auth=252ee09e7d9621f856a825800f8f17e7bfbb247242473e3ab8ab779ada219828&amp;width=767\" alt=\"Durante la \u00faltima cena que tuvieron Milei y Macri, tuvieron diferencias por la salida de Guillermo Francos de la Jefatura de Gabinete. (Foto: Jefatura de Gabinete)\"\/><\/figure>\n\n\n\n<p>Las diferencias entre los dos partidos que compusieron la alianza para las elecciones no finalizan ah\u00ed. El propio Macri asegur\u00f3 que buscaba tener un candidato presidenciable para el 2027, mientras busca contener las fugas de su bloque en Diputados hacia el de LLA.<\/p>\n\n\n\n<p>Es por eso que en este contexto, el exmandatario convoc\u00f3 a una cumbre del&nbsp;<strong>Consejo Nacional del PRO en la sede de Balcarce para el mi\u00e9rcoles.&nbsp;<\/strong>Participar\u00e1n los 24 presidentes del partido de cada distrito, adem\u00e1s de los principales legisladores y dirigentes del espacio.<\/p>\n\n\n\n<p>La idea es debatir<strong>&nbsp;sobre el futuro del partido, ver c\u00f3mo continuar\u00e1 la relaci\u00f3n con el oficialismo y desde qu\u00e9 lugar seguir\u00e1 apoyando las medidas&nbsp;<\/strong>que impulsa el gobierno de Javier Milei.<\/p>\n\n\n\n<p><\/p>\n","protected":false},"excerpt":{"rendered":"<p>El alcalde porte\u00f1o reclam\u00f3 que el oficialismo incluya la deuda que tiene con CABA en el proyecto que ya tiene dictamen de mayor\u00eda. Luis Caputo recibir\u00e1 al dirigente del PRO&hellip; <\/p>\n","protected":false},"author":8,"featured_media":235324,"comment_status":"closed","ping_status":"open","sticky":false,"template":"","format":"standard","meta":{"footnotes":""},"categories":[23],"tags":[],"class_list":["post-235323","post","type-post","status-publish","format-standard","has-post-thumbnail","hentry","category-actualidad"],"_links":{"self":[{"href":"https:\/\/corrientesdetarde.com\/index.php\/wp-json\/wp\/v2\/posts\/235323","targetHints":{"allow":["GET"]}}],"collection":[{"href":"https:\/\/corrientesdetarde.com\/index.php\/wp-json\/wp\/v2\/posts"}],"about":[{"href":"https:\/\/corrientesdetarde.com\/index.php\/wp-json\/wp\/v2\/types\/post"}],"author":[{"embeddable":true,"href":"https:\/\/corrientesdetarde.com\/index.php\/wp-json\/wp\/v2\/users\/8"}],"replies":[{"embeddable":true,"href":"https:\/\/corrientesdetarde.com\/index.php\/wp-json\/wp\/v2\/comments?post=235323"}],"version-history":[{"count":1,"href":"https:\/\/corrientesdetarde.com\/index.php\/wp-json\/wp\/v2\/posts\/235323\/revisions"}],"predecessor-version":[{"id":235325,"href":"https:\/\/corrientesdetarde.com\/index.php\/wp-json\/wp\/v2\/posts\/235323\/revisions\/235325"}],"wp:featuredmedia":[{"embeddable":true,"href":"https:\/\/corrientesdetarde.com\/index.php\/wp-json\/wp\/v2\/media\/235324"}],"wp:attachment":[{"href":"https:\/\/corrientesdetarde.com\/index.php\/wp-json\/wp\/v2\/media?parent=235323"}],"wp:term":[{"taxonomy":"category","embeddable":true,"href":"https:\/\/corrientesdetarde.com\/index.php\/wp-json\/wp\/v2\/categories?post=235323"},{"taxonomy":"post_tag","embeddable":true,"href":"https:\/\/corrientesdetarde.com\/index.php\/wp-json\/wp\/v2\/tags?post=235323"}],"curies":[{"name":"wp","href":"https:\/\/api.w.org\/{rel}","templated":true}]}}