{"id":235326,"date":"2025-11-10T17:06:51","date_gmt":"2025-11-10T20:06:51","guid":{"rendered":"https:\/\/corrientesdetarde.com\/?p=235326"},"modified":"2025-11-10T17:07:25","modified_gmt":"2025-11-10T20:07:25","slug":"wanda-nara-estallo-por-las-criticas-y-volvio-apuntar-contra-mauro-icardi-nadie-me-va-a-ensenar-a-ser-mama","status":"publish","type":"post","link":"https:\/\/corrientesdetarde.com\/index.php\/espectaculos\/wanda-nara-estallo-por-las-criticas-y-volvio-apuntar-contra-mauro-icardi-nadie-me-va-a-ensenar-a-ser-mama\/","title":{"rendered":"Wanda Nara estall\u00f3 por las cr\u00edticas y volvi\u00f3 apuntar contra Mauro Icardi: \u201cNadie me va a ense\u00f1ar a ser mam\u00e1\u201d"},"content":{"rendered":"\n<p>Todo ocurri\u00f3 despu\u00e9s de que la conductora se presentara en el show de Mart\u00edn Cirio en el Movistar Arena.<\/p>\n\n\n\n<p><strong>Wanda Nara<\/strong>\u00a0estall\u00f3 por las cr\u00edticas y volvi\u00f3 apuntar contra\u00a0<strong>Mauro Icardi<\/strong>. Todo ocurri\u00f3 despu\u00e9s de que la conductora recibiera duros cuestionamientos por presentarse en el show de\u00a0<strong>Mart\u00edn Cirio<\/strong>\u00a0acompa\u00f1ada por sus hijas.<\/p>\n\n\n\n<p><strong>\u201cNadie me va a ense\u00f1ar a ser mam\u00e1,<\/strong>&nbsp;si hay algo que soy es muy buena cuidando, haci\u00e9ndome cargo y educando\u201d, escribi\u00f3 en su perfil de la red social X.<\/p>\n\n\n\n<figure class=\"wp-block-image\"><img decoding=\"async\" src=\"https:\/\/tn.com.ar\/resizer\/v2\/wanda-nara-estallo-por-las-criticas-y-volvio-apuntar-contra-mauro-icardi-nadie-me-va-a-ensenar-a-ser-mama-foto-x-wanditanara-UL42ZUQR5RGP3FQJYI7HN7ASS4.PNG?auth=4a5804d1e4709de42d956b60aa3154216002886f898a1644210caf357e9b6dad&amp;width=767\" alt=\"Wanda Nara estall\u00f3 por las cr\u00edticas y volvi\u00f3 apuntar contra Mauro Icardi: \u201cNadie me va a ense\u00f1ar a ser mam\u00e1\u201d (Foto: X \/wanditanara)\"\/><\/figure>\n\n\n\n<p>Acto seguido, aclar\u00f3: \u201cMis hijas solo vieron mi canci\u00f3n y estuvieron con amiguitas de su edad en mi camar\u00edn donde no se escucha ni se ve nada\u201d.<\/p>\n\n\n\n<p>\u201cA los que quieren instalar mentiras como siempre, trabajen de algo m\u00e1s digno que pedir dinero a&nbsp;<strong>un pap\u00e1 que hace 13 meses no se hace cargo de sus obligaciones para ensuciar a una mam\u00e1 que s\u00ed se ocupa de todo\u201d<\/strong>, sentenci\u00f3.<\/p>\n\n\n\n<p>El mensaje de la conductora de\u00a0<em>MasterChef Celebrity<\/em>\u00a0(<em>Telefe<\/em>) no pas\u00f3 inadvertido entre los usuarios que se dividieron en opiniones: mientras algunos la apoyaron, otros cuestionaron que lo expusiera en la red social.<\/p>\n\n\n\n<h2 class=\"wp-block-heading\">Wanda Nara fulmin\u00f3 a la China Su\u00e1rez por el regalo que Mauro Icardi le hizo en su primer aniversario<\/h2>\n\n\n\n<p><strong>Wanda Nara\u00a0<\/strong>fulmin\u00f3 a la\u00a0<strong>China Su\u00e1rez<\/strong> al ver el regalo que\u00a0<strong>Mauro Icardi<\/strong>\u00a0le hizo por su primer aniversario. Todo ocurri\u00f3 despu\u00e9s de que la actriz presumiera\u00a0<strong>el \u00faltimo regalo millonario<\/strong>\u00a0que el delantero del Galatasaray le hizo por su primer a\u00f1o de novios.<\/p>\n\n\n\n<p>\u201c\u00bfPodr\u00e9 tener<strong>&nbsp;un novio m\u00e1s generoso y lindo<\/strong>?\u201d, escribi\u00f3 la China en una de las historias, mientras hac\u00eda el unboxing de un&nbsp;<strong>Bolso Birkin 25<\/strong>&nbsp;de la marca Hermes en cuero Togo negro con herrajes en oro mate.<\/p>\n\n\n\n<figure class=\"wp-block-image\"><img decoding=\"async\" src=\"https:\/\/tn.com.ar\/resizer\/v2\/foto-instagram-wanditanara-DI2FKIILXRH7BOCTFZF75HUPM4.PNG?auth=d3e37e1db38a9fb89787334fa17096fb25aaa9a8622f3153aedf2310a2d74299&amp;width=767\" alt=\"(Foto: Instagram \/wanditanara)\"\/><figcaption class=\"wp-element-caption\"> <\/figcaption><\/figure>\n\n\n\n<p>El gesto no cay\u00f3 bien entre las usuarias \u201cteam Wanda\u201d. Tanto es as\u00ed que una coment\u00f3:&nbsp;<strong>\u201cGeneroso con las p&#8230; \u00fanicamente. A las hijas les debe 11 meses de cuota alimentaria y prepaga\u201d<\/strong>.<\/p>\n\n\n\n<p>Lejos de llevar tranquilidad, la conductora de<em>&nbsp;MasterChef Celebrity<\/em>&nbsp;redobl\u00f3 la apuesta con un llamativo comentario.&nbsp;<strong>\u201c12 meses\u201d<\/strong>, escribi\u00f3 corrigiendo a su fan\u00e1tica.<\/p>\n\n\n\n<p>Cabe recordar que, previo a esto, la China mostr\u00f3 el bolso Louis Vuitton que le hab\u00eda regalado su novio y desat\u00f3 un esc\u00e1ndalo.<\/p>\n\n\n\n<figure class=\"wp-block-image\"><img decoding=\"async\" src=\"https:\/\/tn.com.ar\/resizer\/v2\/foto-instagram-sangrejaponesa-H3ZKSHLFFVDHHK5RA5TJQAHVKM.jpg?auth=7cfe04a69e63a50ab71ea85df76a7fc7f70b1d1ab7b860b754d806871214990a&amp;width=767\" alt=\"(Foto: Instagram \/ sangrejaponesa)\"\/><\/figure>\n\n\n\n<p>\u201c\u00bf<strong>Qu\u00e9 tan z&#8230;<\/strong>&nbsp;pod\u00e9s ser de refregarle el d\u00eda del cumple a una nena el abandono de su pap\u00e1? Te pidieron de mil maneras del Ministerio P\u00fablico que las nenas estaban mal&nbsp;<strong>\u00bfQu\u00e9 clase de sor&#8230; pod\u00e9s ser?<\/strong>&nbsp;Sab\u00e9s muy bien que a su hija no le regal\u00f3 nada, solo busco arruinarle su cumplea\u00f1os\u201d, escribi\u00f3 furiosa Wanda.<\/p>\n\n\n\n<p>Luego, continu\u00f3: \u201c<strong>Quer\u00e9s refregarle a una nena de 9 a\u00f1os un bolso cuando a ella no le compro ni un globo<\/strong>. Y menos a m\u00ed que los tengo TODOS, rid\u00edcula. \u00bfPor qu\u00e9 cuando te regalaron un auto no te vi refregando tanto?\u201d.<\/p>\n","protected":false},"excerpt":{"rendered":"<p>Todo ocurri\u00f3 despu\u00e9s de que la conductora se presentara en el show de Mart\u00edn Cirio en el Movistar Arena. Wanda Nara\u00a0estall\u00f3 por las cr\u00edticas y volvi\u00f3 apuntar contra\u00a0Mauro Icardi. Todo&hellip; <\/p>\n","protected":false},"author":8,"featured_media":235327,"comment_status":"closed","ping_status":"open","sticky":false,"template":"","format":"standard","meta":{"footnotes":""},"categories":[19],"tags":[],"class_list":["post-235326","post","type-post","status-publish","format-standard","has-post-thumbnail","hentry","category-espectaculos"],"_links":{"self":[{"href":"https:\/\/corrientesdetarde.com\/index.php\/wp-json\/wp\/v2\/posts\/235326","targetHints":{"allow":["GET"]}}],"collection":[{"href":"https:\/\/corrientesdetarde.com\/index.php\/wp-json\/wp\/v2\/posts"}],"about":[{"href":"https:\/\/corrientesdetarde.com\/index.php\/wp-json\/wp\/v2\/types\/post"}],"author":[{"embeddable":true,"href":"https:\/\/corrientesdetarde.com\/index.php\/wp-json\/wp\/v2\/users\/8"}],"replies":[{"embeddable":true,"href":"https:\/\/corrientesdetarde.com\/index.php\/wp-json\/wp\/v2\/comments?post=235326"}],"version-history":[{"count":1,"href":"https:\/\/corrientesdetarde.com\/index.php\/wp-json\/wp\/v2\/posts\/235326\/revisions"}],"predecessor-version":[{"id":235328,"href":"https:\/\/corrientesdetarde.com\/index.php\/wp-json\/wp\/v2\/posts\/235326\/revisions\/235328"}],"wp:featuredmedia":[{"embeddable":true,"href":"https:\/\/corrientesdetarde.com\/index.php\/wp-json\/wp\/v2\/media\/235327"}],"wp:attachment":[{"href":"https:\/\/corrientesdetarde.com\/index.php\/wp-json\/wp\/v2\/media?parent=235326"}],"wp:term":[{"taxonomy":"category","embeddable":true,"href":"https:\/\/corrientesdetarde.com\/index.php\/wp-json\/wp\/v2\/categories?post=235326"},{"taxonomy":"post_tag","embeddable":true,"href":"https:\/\/corrientesdetarde.com\/index.php\/wp-json\/wp\/v2\/tags?post=235326"}],"curies":[{"name":"wp","href":"https:\/\/api.w.org\/{rel}","templated":true}]}}