{"id":235333,"date":"2025-11-10T19:42:23","date_gmt":"2025-11-10T22:42:23","guid":{"rendered":"https:\/\/corrientesdetarde.com\/?p=235333"},"modified":"2025-11-10T19:42:35","modified_gmt":"2025-11-10T22:42:35","slug":"se-inaugura-la-muestra-en-homenaje-a-la-obra-del-historietista-lucho-olivera","status":"publish","type":"post","link":"https:\/\/corrientesdetarde.com\/index.php\/cultura\/se-inaugura-la-muestra-en-homenaje-a-la-obra-del-historietista-lucho-olivera\/","title":{"rendered":"Se inaugura la muestra en homenaje a la obra del historietista Lucho Olivera"},"content":{"rendered":"\n<p>El Instituto de Cultura de Corrientes invita a la inauguraci\u00f3n de la muestra homenaje al historietista correntino Lucho Olivera, al conmemorarse 20 a\u00f1os de su fallecimiento (1942-2005). Se realizar\u00e1 este martes 11 de noviembre, a las 20, en la sala Justo D\u00edaz de Vivar del Museo de Bellas Artes Juan Ram\u00f3n Vidal (San Juan 634).<\/p>\n\n\n\n<p>Quienes visiten la muestra podr\u00e1n apreciar obras originales y patrimonio visual donadas por Martha Olivera, pertenecientes al acervo del Centro de Historieta y Humor Gr\u00e1fico Argentinos de la Biblioteca Nacional Mariano Moreno. Las mismas se encuentran en car\u00e1cter de pr\u00e9stamo, a partir de un acuerdo firmado entre el Instituto de Cultura y la Biblioteca. Tambi\u00e9n forman parte de la exposici\u00f3n obras de coleccionistas privados.<\/p>\n\n\n\n<p>Ricardo Luis Olivera, m\u00e1s conocido como Lucho, fue un reconocido historietista correntino, famoso por ser el creador de la serie \u201cGilgamesh, el inmortal\u201d. Esta obra es considerada su trabajo maestro dentro de la historieta argentina e internacional. El artista se caracteriz\u00f3 por narrar gestas y crear h\u00e9roes desde la historieta, dejando una huella profunda en la cultura popular del pa\u00eds.<\/p>\n","protected":false},"excerpt":{"rendered":"<p>El Instituto de Cultura de Corrientes invita a la inauguraci\u00f3n de la muestra homenaje al historietista correntino Lucho Olivera, al conmemorarse 20 a\u00f1os de su fallecimiento (1942-2005). Se realizar\u00e1 este&hellip; <\/p>\n","protected":false},"author":4,"featured_media":235336,"comment_status":"closed","ping_status":"open","sticky":false,"template":"","format":"standard","meta":{"footnotes":""},"categories":[15,26],"tags":[],"class_list":["post-235333","post","type-post","status-publish","format-standard","has-post-thumbnail","hentry","category-cultura","category-destacados"],"_links":{"self":[{"href":"https:\/\/corrientesdetarde.com\/index.php\/wp-json\/wp\/v2\/posts\/235333","targetHints":{"allow":["GET"]}}],"collection":[{"href":"https:\/\/corrientesdetarde.com\/index.php\/wp-json\/wp\/v2\/posts"}],"about":[{"href":"https:\/\/corrientesdetarde.com\/index.php\/wp-json\/wp\/v2\/types\/post"}],"author":[{"embeddable":true,"href":"https:\/\/corrientesdetarde.com\/index.php\/wp-json\/wp\/v2\/users\/4"}],"replies":[{"embeddable":true,"href":"https:\/\/corrientesdetarde.com\/index.php\/wp-json\/wp\/v2\/comments?post=235333"}],"version-history":[{"count":1,"href":"https:\/\/corrientesdetarde.com\/index.php\/wp-json\/wp\/v2\/posts\/235333\/revisions"}],"predecessor-version":[{"id":235337,"href":"https:\/\/corrientesdetarde.com\/index.php\/wp-json\/wp\/v2\/posts\/235333\/revisions\/235337"}],"wp:featuredmedia":[{"embeddable":true,"href":"https:\/\/corrientesdetarde.com\/index.php\/wp-json\/wp\/v2\/media\/235336"}],"wp:attachment":[{"href":"https:\/\/corrientesdetarde.com\/index.php\/wp-json\/wp\/v2\/media?parent=235333"}],"wp:term":[{"taxonomy":"category","embeddable":true,"href":"https:\/\/corrientesdetarde.com\/index.php\/wp-json\/wp\/v2\/categories?post=235333"},{"taxonomy":"post_tag","embeddable":true,"href":"https:\/\/corrientesdetarde.com\/index.php\/wp-json\/wp\/v2\/tags?post=235333"}],"curies":[{"name":"wp","href":"https:\/\/api.w.org\/{rel}","templated":true}]}}