{"id":235338,"date":"2025-11-10T19:44:39","date_gmt":"2025-11-10T22:44:39","guid":{"rendered":"https:\/\/corrientesdetarde.com\/?p=235338"},"modified":"2025-11-10T19:44:59","modified_gmt":"2025-11-10T22:44:59","slug":"la-dpec-realizara-trabajos-de-mejoras-en-capital-y-el-interior-204","status":"publish","type":"post","link":"https:\/\/corrientesdetarde.com\/index.php\/destacados\/la-dpec-realizara-trabajos-de-mejoras-en-capital-y-el-interior-204\/","title":{"rendered":"La DPEC realizar\u00e1 trabajos de mejoras en Capital y el interior"},"content":{"rendered":"\n<p>La Direcci\u00f3n Provincial de Energ\u00eda de Corrientes comunica que, por ejecutar diversos trabajos de mantenimiento para la mejora del servicio en Mercedes, It\u00e1 Ibat\u00e9, Goya y Capital, se interrumpir\u00e1 el suministro de energ\u00eda el\u00e9ctrica entre los d\u00edas martes 11, mi\u00e9rcoles 12, jueves 13 y viernes 14 de noviembre de 2025.<\/p>\n\n\n\n<p>Es por eso, que en Capital la Direcci\u00f3n Provincial de Energ\u00eda de Corrientes (DPEC), se ejecutar\u00e1n tareas de cambio de postes por columnas de Hormig\u00f3n Armado y por tal motivo, interrumpir\u00e1 el suministro de energ\u00eda el\u00e9ctrica, el martes 11, mi\u00e9rcoles 12, jueves 13 y viernes 14 de noviembre de 2025 de 08:00 a 16:00 en las zonas de los Parajes Payubre, It\u00e1 Cor\u00e1, Boqueron, Timbocito, Naranjito, Tacuaral, Ibir\u00e1 Pit\u00e1, Yuqueri y zonas de influencia.<\/p>\n\n\n\n<p>Adem\u00e1s, informa que, con motivo de realizar mejoras en el servicio, se ejecutar\u00e1n tareas de mantenimiento de L\u00edneas de Media Tensi\u00f3n, por lo cual se interrumpir\u00e1 el suministro de energ\u00eda el\u00e9ctrica en la localidad de It\u00e1 Ibat\u00e9 y zonas de influencia, el martes 11 de noviembre de 2025 de 16:00 a 19:00 hs.<\/p>\n\n\n\n<p>Asimismo, informa que, con motivo de realizar mejoras en el servicio, se ejecutar\u00e1n tareas de mantenimiento de L\u00edneas de Media Tensi\u00f3n, por lo cual se interrumpir\u00e1 el suministro de energ\u00eda el\u00e9ctrica en la localidad de Goya, el martes 11 de noviembre de 2025 de 07:00 a 12:00 hs en las zonas de los barrios Santa Rita, 99 Viviendas, Mauricio Valenzuela, INVICO, CGT, 432 Viviendas, Costa de las Rosas, Mitre, Jard\u00edn, 9 de Julio y zonas de influencia.<\/p>\n\n\n\n<p>Por \u00faltimo, informa que, con motivo de realizar mejoras en el servicio, se ejecutar\u00e1n tareas de mantenimiento de L\u00edneas de Media Tensi\u00f3n y por lo cual se interrumpir\u00e1 el suministro de energ\u00eda el\u00e9ctrica en la ciudad Capital, el martes 11 de noviembre de 2025 de 08:00 a 10:00 hs en los barrios Pirayu\u00ed, Quintana, Nuevo, Axi\u00f3n por Ruta 12 y zonas de influencia como tambi\u00e9n de 15:00 a 16:00 hs en los barrios Concepci\u00f3n, DPEC Planta Maip\u00fa, Villa Raquel, Primera Junta, San Jorge, Loma Linda y zonas de influencia.<\/p>\n","protected":false},"excerpt":{"rendered":"<p>La Direcci\u00f3n Provincial de Energ\u00eda de Corrientes comunica que, por ejecutar diversos trabajos de mantenimiento para la mejora del servicio en Mercedes, It\u00e1 Ibat\u00e9, Goya y Capital, se interrumpir\u00e1 el&hellip; <\/p>\n","protected":false},"author":4,"featured_media":227022,"comment_status":"closed","ping_status":"open","sticky":false,"template":"","format":"standard","meta":{"footnotes":""},"categories":[26],"tags":[],"class_list":["post-235338","post","type-post","status-publish","format-standard","has-post-thumbnail","hentry","category-destacados"],"_links":{"self":[{"href":"https:\/\/corrientesdetarde.com\/index.php\/wp-json\/wp\/v2\/posts\/235338","targetHints":{"allow":["GET"]}}],"collection":[{"href":"https:\/\/corrientesdetarde.com\/index.php\/wp-json\/wp\/v2\/posts"}],"about":[{"href":"https:\/\/corrientesdetarde.com\/index.php\/wp-json\/wp\/v2\/types\/post"}],"author":[{"embeddable":true,"href":"https:\/\/corrientesdetarde.com\/index.php\/wp-json\/wp\/v2\/users\/4"}],"replies":[{"embeddable":true,"href":"https:\/\/corrientesdetarde.com\/index.php\/wp-json\/wp\/v2\/comments?post=235338"}],"version-history":[{"count":1,"href":"https:\/\/corrientesdetarde.com\/index.php\/wp-json\/wp\/v2\/posts\/235338\/revisions"}],"predecessor-version":[{"id":235339,"href":"https:\/\/corrientesdetarde.com\/index.php\/wp-json\/wp\/v2\/posts\/235338\/revisions\/235339"}],"wp:featuredmedia":[{"embeddable":true,"href":"https:\/\/corrientesdetarde.com\/index.php\/wp-json\/wp\/v2\/media\/227022"}],"wp:attachment":[{"href":"https:\/\/corrientesdetarde.com\/index.php\/wp-json\/wp\/v2\/media?parent=235338"}],"wp:term":[{"taxonomy":"category","embeddable":true,"href":"https:\/\/corrientesdetarde.com\/index.php\/wp-json\/wp\/v2\/categories?post=235338"},{"taxonomy":"post_tag","embeddable":true,"href":"https:\/\/corrientesdetarde.com\/index.php\/wp-json\/wp\/v2\/tags?post=235338"}],"curies":[{"name":"wp","href":"https:\/\/api.w.org\/{rel}","templated":true}]}}