{"id":235340,"date":"2025-11-10T20:31:59","date_gmt":"2025-11-10T23:31:59","guid":{"rendered":"https:\/\/corrientesdetarde.com\/?p=235340"},"modified":"2025-11-10T20:32:12","modified_gmt":"2025-11-10T23:32:12","slug":"valdes-encabezara-inauguraciones-en-san-carlos-y-virasoro","status":"publish","type":"post","link":"https:\/\/corrientesdetarde.com\/index.php\/locales\/valdes-encabezara-inauguraciones-en-san-carlos-y-virasoro\/","title":{"rendered":"Vald\u00e9s encabezar\u00e1 inauguraciones en San Carlos y Virasoro"},"content":{"rendered":"\n<p><em>El mandatario provincial desarrollar\u00e1 este martes 11 una intensa jornada de actividades oficiales que incluyen obras de infraestructura urbana, deportiva y sanitaria en el interior provincial.<\/em><\/p>\n\n\n\n<p>El gobernador de Corrientes, Gustavo Vald\u00e9s, cumplir\u00e1 este martes por la ma\u00f1ana y la tarde una nueva agenda de trabajo en el interior provincial, con visitas a las localidades de San Carlos y Gobernador Virasoro, donde inaugurar\u00e1 importantes obras de infraestructura ejecutadas por el Gobierno provincial junto a los municipios.<\/p>\n\n\n\n<p>La jornada iniciar\u00e1 en San Carlos, donde a las 11.00 se llevar\u00e1 a cabo la inauguraci\u00f3n de 20 cuadras de asfalto, en la intersecci\u00f3n de Juan Jos\u00e9 Paso y avenida Corrientes, una obra que mejora significativamente la conectividad y calidad de vida de los vecinos.<br>Posteriormente, a las 12.00, el mandatario dejar\u00e1 inaugurado el play\u00f3n deportivo y el Parque Municipal \u201cAriana\u201d, ubicado en 25 de Mayo e Irigoyen, espacios destinados a la recreaci\u00f3n, el deporte y el encuentro comunitario.<br>Tras las actividades en San Carlos, el Gobernador se trasladar\u00e1 a Gobernador Virasoro, donde a las 17.00 encabezar\u00e1 la inauguraci\u00f3n del Centro de Atenci\u00f3n Primaria de la Salud (C.A.P.S.) \u201cSan Antonio de Padua\u201d, ubicado en el barrio Vuelta del Omb\u00fa, junto a la Comisar\u00eda Cuarta. Esta nueva infraestructura sanitaria fortalecer\u00e1 la atenci\u00f3n primaria y el acceso a la salud de los vecinos de la zona.<br>Con esta agenda, el Gobierno provincial reafirma su compromiso con el desarrollo equitativo de los municipios correntinos, impulsando obras que mejoran los servicios y la calidad de vida en cada rinc\u00f3n de la provincia.<\/p>\n","protected":false},"excerpt":{"rendered":"<p>El mandatario provincial desarrollar\u00e1 este martes 11 una intensa jornada de actividades oficiales que incluyen obras de infraestructura urbana, deportiva y sanitaria en el interior provincial. El gobernador de Corrientes,&hellip; <\/p>\n","protected":false},"author":4,"featured_media":221694,"comment_status":"closed","ping_status":"open","sticky":false,"template":"","format":"standard","meta":{"footnotes":""},"categories":[8],"tags":[],"class_list":["post-235340","post","type-post","status-publish","format-standard","has-post-thumbnail","hentry","category-locales"],"_links":{"self":[{"href":"https:\/\/corrientesdetarde.com\/index.php\/wp-json\/wp\/v2\/posts\/235340","targetHints":{"allow":["GET"]}}],"collection":[{"href":"https:\/\/corrientesdetarde.com\/index.php\/wp-json\/wp\/v2\/posts"}],"about":[{"href":"https:\/\/corrientesdetarde.com\/index.php\/wp-json\/wp\/v2\/types\/post"}],"author":[{"embeddable":true,"href":"https:\/\/corrientesdetarde.com\/index.php\/wp-json\/wp\/v2\/users\/4"}],"replies":[{"embeddable":true,"href":"https:\/\/corrientesdetarde.com\/index.php\/wp-json\/wp\/v2\/comments?post=235340"}],"version-history":[{"count":1,"href":"https:\/\/corrientesdetarde.com\/index.php\/wp-json\/wp\/v2\/posts\/235340\/revisions"}],"predecessor-version":[{"id":235341,"href":"https:\/\/corrientesdetarde.com\/index.php\/wp-json\/wp\/v2\/posts\/235340\/revisions\/235341"}],"wp:featuredmedia":[{"embeddable":true,"href":"https:\/\/corrientesdetarde.com\/index.php\/wp-json\/wp\/v2\/media\/221694"}],"wp:attachment":[{"href":"https:\/\/corrientesdetarde.com\/index.php\/wp-json\/wp\/v2\/media?parent=235340"}],"wp:term":[{"taxonomy":"category","embeddable":true,"href":"https:\/\/corrientesdetarde.com\/index.php\/wp-json\/wp\/v2\/categories?post=235340"},{"taxonomy":"post_tag","embeddable":true,"href":"https:\/\/corrientesdetarde.com\/index.php\/wp-json\/wp\/v2\/tags?post=235340"}],"curies":[{"name":"wp","href":"https:\/\/api.w.org\/{rel}","templated":true}]}}