{"id":235342,"date":"2025-11-10T20:36:32","date_gmt":"2025-11-10T23:36:32","guid":{"rendered":"https:\/\/corrientesdetarde.com\/?p=235342"},"modified":"2025-11-10T21:42:06","modified_gmt":"2025-11-11T00:42:06","slug":"el-gobernador-entrego-en-alvear-44-viviendas-y-anuncio-la-construccion-de-30-mas","status":"publish","type":"post","link":"https:\/\/corrientesdetarde.com\/index.php\/actualidad\/el-gobernador-entrego-en-alvear-44-viviendas-y-anuncio-la-construccion-de-30-mas\/","title":{"rendered":"El Gobernador entreg\u00f3 en Alvear 44 viviendas y anunci\u00f3 la construcci\u00f3n de 30 m\u00e1s"},"content":{"rendered":"\n<p>El gobernador Gustavo Vald\u00e9s lleg\u00f3 este lunes a Alvear, donde entreg\u00f3 44 viviendas a familias beneficiarias de la localidad y 8 t\u00edtulos de propiedad a docentes, en el barrio &#8220;Roberto Oscar Ayala&#8221;, conocido como &#8220;Ej\u00e9rcito Argentino&#8221;. En este marco, el primer Mandatario se comprometi\u00f3 a que ser\u00e1 &#8220;un barrio asfaltado&#8221;, y le pidi\u00f3 al gobernador electo Juan Pablo Vald\u00e9s&nbsp; que &#8220;no se olvide nunca de La Cruz y Alvear&#8221;, para seguir trabajando junto a ambos municipios.<\/p>\n\n\n\n<figure class=\"wp-block-image size-large\"><img loading=\"lazy\" decoding=\"async\" width=\"1024\" height=\"680\" src=\"https:\/\/corrientesdetarde.com\/wp-content\/uploads\/2025\/11\/image-337-1024x680.png\" alt=\"\" class=\"wp-image-235345\" srcset=\"https:\/\/corrientesdetarde.com\/wp-content\/uploads\/2025\/11\/image-337-1024x680.png 1024w, https:\/\/corrientesdetarde.com\/wp-content\/uploads\/2025\/11\/image-337-300x199.png 300w, https:\/\/corrientesdetarde.com\/wp-content\/uploads\/2025\/11\/image-337-768x510.png 768w, https:\/\/corrientesdetarde.com\/wp-content\/uploads\/2025\/11\/image-337.png 1350w\" sizes=\"auto, (max-width: 1024px) 100vw, 1024px\" \/><\/figure>\n\n\n\n<p>De esta manera en el barrio Roberto Oscar Ayala, conocido como Ej\u00e9rcito Argentino, el Gobernador, junto a funcionarios provinciales y municipales, entreg\u00f3 primero 8 t\u00edtulos de viviendas, y luego las llaves con carpetas de las nuevas viviendas a las 44 familias beneficiarias.<\/p>\n\n\n\n<p>En el marco de la entrega, el gobernador Gustavo Vald\u00e9s remarc\u00f3 la importancia de continuar apostando al desarrollo de Alvear a trav\u00e9s de la construcci\u00f3n de nuevas viviendas y por ello, primeramente record\u00f3 que en la localidad a lo largo de los \u00faltimos a\u00f1os se concretaron 130 viviendas.<\/p>\n\n\n\n<p>\u201cEn la provincia pudimos llegar a realizar 4.000 viviendas en los \u00faltimos cuatro a\u00f1os mediante mucho esfuerzo y dedicaci\u00f3n y vamos a seguir haciendo viviendas\u201d, indic\u00f3 y luego agreg\u00f3 que \u201ces un placer culminar una gesti\u00f3n, pero a la vez, vamos comprometernos anticipadamente que el Gobierno provincial realizar\u00e1 30 viviendas m\u00e1s para Alvear\u201d.<\/p>\n\n\n\n<p>A su vez, Vald\u00e9s coment\u00f3 que \u201cdesde Vialidad Provincial se van a avanzar con obras para que el barrio quede asfaltado y de esa manera vamos a tener una mejor transitabilidad en los caminos\u201d.<\/p>\n\n\n\n<p>\u201cSigamos adelante y trabajando para que a Corrientes le siga yendo bien y as\u00ed&nbsp; construyamos el futuro que queremos\u201d, expres\u00f3 el mandatario instando a los vecinos a sumarse al trabajo mancomunado.<\/p>\n\n\n\n<p><strong>Un Gobierno que invierte y cumple<\/strong><\/p>\n\n\n\n<p>A su turno, el interventor de INVICO, se mostr\u00f3 contento por la entrega de 44 viviendas del Programa Casa Propia, y destac\u00f3 que el financiamiento provino en su totalidad de la Provincia, con una inversi\u00f3n de 4.600 millones.<\/p>\n\n\n\n<p>\u201cSon viviendas de 64 metros cubiertos, toda la infraestructura, termotanques, cocina, as\u00ed que realmente destacar el trabajo de la empresa, el compromiso y sobre todo confiar en el gobierno de la provincia de poder cumplir con esta obra\u201d, destac\u00f3 el funcionario para ir cerrando.<\/p>\n\n\n\n<p><strong>Apoyo a los Municipios<\/strong><\/p>\n\n\n\n<p>El intendente&nbsp;Miguel \u00c1ngel&nbsp;Salvarredy al hacer uso de la palabra, destac\u00f3 estos actos son los \u00faltimos en su gesti\u00f3n, y destac\u00f3 el trabajo en conjunto que Gustavo Vald\u00e9s llev\u00f3 adelante junto a la Comuna, y afirm\u00f3 que \u201ctodo lo que nos prometi\u00f3 Alvear cumpli\u00f3\u201d.<\/p>\n\n\n\n<p>\u201cSi hoy tenemos todas las cosas que tenemos, y familias con viviendas es porque tuvimos un&nbsp; Gobierno provincial presente, un Gobierno que nunca nos dio la espalda, ni nos minti\u00f3\u201d, asegur\u00f3 el jefe Comunal y destac\u00f3 que \u201cnosotros siempre colaboramos, y vamos a seguir luchando para que Alvear siga creciendo\u201d.<\/p>\n\n\n\n<p>Comparti\u00f3, tambi\u00e9n, unas palabras de agradecimiento, una de las adjudicatarias, Cinthia Vanesa Monz\u00f3n.<\/p>\n\n\n\n<p><strong>Presencias<\/strong><\/p>\n\n\n\n<p>Acompa\u00f1aron al gobernador, los intendentes de Alvear, Miguel \u00c1ngel Salvarredy; de Ituzaing\u00f3 y gobernador electo, Juan Pablo Vald\u00e9s; el ministro de Desarrollo Social, Ad\u00e1n Gaya, de Justicia, Juan Jos\u00e9 L\u00f3pez Desimoni, de Industria, Mariel Gabur, legisladores, el interventor del INVICO, Lizardo Gonz\u00e1lez; secretarios y subsecretarios provinciales y municipales, concejales, intendentes del interior provincial, adjudicatarios, vecinos, y dem\u00e1s autoridades presentes.<\/p>\n","protected":false},"excerpt":{"rendered":"<p>El gobernador Gustavo Vald\u00e9s lleg\u00f3 este lunes a Alvear, donde entreg\u00f3 44 viviendas a familias beneficiarias de la localidad y 8 t\u00edtulos de propiedad a docentes, en el barrio &#8220;Roberto&hellip; <\/p>\n","protected":false},"author":4,"featured_media":235343,"comment_status":"closed","ping_status":"open","sticky":false,"template":"","format":"standard","meta":{"footnotes":""},"categories":[23],"tags":[],"class_list":["post-235342","post","type-post","status-publish","format-standard","has-post-thumbnail","hentry","category-actualidad"],"_links":{"self":[{"href":"https:\/\/corrientesdetarde.com\/index.php\/wp-json\/wp\/v2\/posts\/235342","targetHints":{"allow":["GET"]}}],"collection":[{"href":"https:\/\/corrientesdetarde.com\/index.php\/wp-json\/wp\/v2\/posts"}],"about":[{"href":"https:\/\/corrientesdetarde.com\/index.php\/wp-json\/wp\/v2\/types\/post"}],"author":[{"embeddable":true,"href":"https:\/\/corrientesdetarde.com\/index.php\/wp-json\/wp\/v2\/users\/4"}],"replies":[{"embeddable":true,"href":"https:\/\/corrientesdetarde.com\/index.php\/wp-json\/wp\/v2\/comments?post=235342"}],"version-history":[{"count":2,"href":"https:\/\/corrientesdetarde.com\/index.php\/wp-json\/wp\/v2\/posts\/235342\/revisions"}],"predecessor-version":[{"id":235350,"href":"https:\/\/corrientesdetarde.com\/index.php\/wp-json\/wp\/v2\/posts\/235342\/revisions\/235350"}],"wp:featuredmedia":[{"embeddable":true,"href":"https:\/\/corrientesdetarde.com\/index.php\/wp-json\/wp\/v2\/media\/235343"}],"wp:attachment":[{"href":"https:\/\/corrientesdetarde.com\/index.php\/wp-json\/wp\/v2\/media?parent=235342"}],"wp:term":[{"taxonomy":"category","embeddable":true,"href":"https:\/\/corrientesdetarde.com\/index.php\/wp-json\/wp\/v2\/categories?post=235342"},{"taxonomy":"post_tag","embeddable":true,"href":"https:\/\/corrientesdetarde.com\/index.php\/wp-json\/wp\/v2\/tags?post=235342"}],"curies":[{"name":"wp","href":"https:\/\/api.w.org\/{rel}","templated":true}]}}