{"id":235365,"date":"2025-11-10T22:52:52","date_gmt":"2025-11-11T01:52:52","guid":{"rendered":"https:\/\/corrientesdetarde.com\/?p=235365"},"modified":"2025-11-10T22:53:04","modified_gmt":"2025-11-11T01:53:04","slug":"que-se-sabe-de-la-organizacion-del-evento-que-recibira-a-javier-milei-en-corrientes","status":"publish","type":"post","link":"https:\/\/corrientesdetarde.com\/index.php\/politica\/que-se-sabe-de-la-organizacion-del-evento-que-recibira-a-javier-milei-en-corrientes\/","title":{"rendered":"\u00bfQu\u00e9 se sabe de la organizaci\u00f3n del evento que recibir\u00e1 a Javier Milei en Corrientes?"},"content":{"rendered":"\n<p>La conferencia de cierre estar\u00e1 a cargo del mandatario nacional, cuya llegada est\u00e1 prevista para la tarde.<\/p>\n\n\n\n<p>l presidente\u00a0<strong>Javier Milei\u00a0<\/strong>visitar\u00e1\u00a0<strong>Corrientes<\/strong>\u00a0este jueves 13 de noviembre para participar del<strong>\u00a0Congreso de Econom\u00eda<\/strong>\u00a0organizado por el\u00a0<strong>Club de la Libertad<\/strong>, una jornada que reunir\u00e1 a funcionarios, acad\u00e9micos, empresarios y dirigentes pol\u00edticos de todo el pa\u00eds bajo el lema \u201cLos desaf\u00edos del crecimiento econ\u00f3mico\u201d.<\/p>\n\n\n\n<p>El encuentro se desarrollar\u00e1 desde las 8.30 hasta las 20 en Espacio Andes, con acceso principal por avenida Maip\u00fa. La conferencia de cierre estar\u00e1 a cargo del mandatario nacional, cuya llegada est\u00e1 prevista para la tarde.<\/p>\n\n\n\n<p>\u201cPor los anillos de seguridad que establece la&nbsp;<strong>Casa Militar<\/strong>, recomendamos a quienes asistan que lleguen temprano, ya que se restringir\u00e1 el tr\u00e1nsito en toda la zona\u201d, explic\u00f3 Luciana Cardoso, voluntaria del Club de la Libertad y parte de la organizaci\u00f3n.<\/p>\n\n\n\n<p>El congreso contar\u00e1 con la presencia de m\u00e1s de 20 expositores y se espera la participaci\u00f3n de m\u00e1s de 400 personas, por lo que el evento debi\u00f3 trasladarse a un espacio de mayor capacidad.<\/p>\n\n\n\n<p>\u201cEste a\u00f1o hubo much\u00edsima expectativa. Por eso decidimos hacerlo en Espacio Andes, donde esperamos unas cuatrocientas personas\u201d, se\u00f1al\u00f3 Cardoso.<\/p>\n\n\n\n<p>Aunque la entrada general tiene un costo de&nbsp;<strong>$50.000<\/strong>, los estudiantes pueden acceder a&nbsp;<strong>medias becas<\/strong>&nbsp;presentando una constancia, y los socios de la fundaci\u00f3n tienen acceso gratuito. Adem\u00e1s, el Club de la Libertad decidi\u00f3 abrir el ingreso al play\u00f3n de manera libre y gratuita durante la tarde, para que el p\u00fablico pueda escuchar el discurso de Milei.<\/p>\n\n\n\n<h2 class=\"wp-block-heading\">Evento privado, pero con espacio gratuito<\/h2>\n\n\n\n<p>\u201cEntendemos que es un evento privado, pero como se trata del presidente, quisimos habilitar un&nbsp;<strong>espacio gratuito<\/strong>&nbsp;para que cualquiera pueda participar\u201d, coment\u00f3.<\/p>\n\n\n\n<p>Desde la organizaci\u00f3n recomiendan a los asistentes acreditarse por la ma\u00f1ana o temprano en la tarde, ya que los anillos de seguridad comenzar\u00e1n a operar desde que el presidente arribe al aeropuerto.<\/p>\n\n\n\n<p>El predio contar\u00e1 con puestos de comida y bebidas, y toda la informaci\u00f3n sobre entradas y acreditaciones se encuentra disponible en las redes sociales del&nbsp;<strong>Club de la Libertad<\/strong>&nbsp;(Facebook e Instagram).<\/p>\n\n\n\n<p>Cardoso tambi\u00e9n destac\u00f3 el rol del voluntariado dentro de la fundaci\u00f3n: \u201cMuchos de nosotros colaboramos con nuestro tiempo y trabajo, sin aporte econ\u00f3mico. A cambio, el club nos brinda formaci\u00f3n, viajes y participaci\u00f3n en eventos. Es una forma de sostener una instituci\u00f3n sin fines de lucro\u201d, explic\u00f3.<\/p>\n\n\n\n<p>Finalmente, la joven expres\u00f3 su visi\u00f3n sobre el momento pol\u00edtico actual:&nbsp;\u201cHace casi nueve a\u00f1os que soy voluntaria del club. En aquel entonces, nos dec\u00edan que quiz\u00e1s nunca ver\u00edamos triunfar las ideas liberales en el pa\u00eds. Hoy tenemos un presidente liberal. Sentimos que aportamos nuestro granito de arena para que eso fuera posible\u201d.<\/p>\n","protected":false},"excerpt":{"rendered":"<p>La conferencia de cierre estar\u00e1 a cargo del mandatario nacional, cuya llegada est\u00e1 prevista para la tarde. l presidente\u00a0Javier Milei\u00a0visitar\u00e1\u00a0Corrientes\u00a0este jueves 13 de noviembre para participar del\u00a0Congreso de Econom\u00eda\u00a0organizado por&hellip; <\/p>\n","protected":false},"author":4,"featured_media":235366,"comment_status":"closed","ping_status":"open","sticky":false,"template":"","format":"standard","meta":{"footnotes":""},"categories":[3],"tags":[],"class_list":["post-235365","post","type-post","status-publish","format-standard","has-post-thumbnail","hentry","category-politica"],"_links":{"self":[{"href":"https:\/\/corrientesdetarde.com\/index.php\/wp-json\/wp\/v2\/posts\/235365","targetHints":{"allow":["GET"]}}],"collection":[{"href":"https:\/\/corrientesdetarde.com\/index.php\/wp-json\/wp\/v2\/posts"}],"about":[{"href":"https:\/\/corrientesdetarde.com\/index.php\/wp-json\/wp\/v2\/types\/post"}],"author":[{"embeddable":true,"href":"https:\/\/corrientesdetarde.com\/index.php\/wp-json\/wp\/v2\/users\/4"}],"replies":[{"embeddable":true,"href":"https:\/\/corrientesdetarde.com\/index.php\/wp-json\/wp\/v2\/comments?post=235365"}],"version-history":[{"count":1,"href":"https:\/\/corrientesdetarde.com\/index.php\/wp-json\/wp\/v2\/posts\/235365\/revisions"}],"predecessor-version":[{"id":235367,"href":"https:\/\/corrientesdetarde.com\/index.php\/wp-json\/wp\/v2\/posts\/235365\/revisions\/235367"}],"wp:featuredmedia":[{"embeddable":true,"href":"https:\/\/corrientesdetarde.com\/index.php\/wp-json\/wp\/v2\/media\/235366"}],"wp:attachment":[{"href":"https:\/\/corrientesdetarde.com\/index.php\/wp-json\/wp\/v2\/media?parent=235365"}],"wp:term":[{"taxonomy":"category","embeddable":true,"href":"https:\/\/corrientesdetarde.com\/index.php\/wp-json\/wp\/v2\/categories?post=235365"},{"taxonomy":"post_tag","embeddable":true,"href":"https:\/\/corrientesdetarde.com\/index.php\/wp-json\/wp\/v2\/tags?post=235365"}],"curies":[{"name":"wp","href":"https:\/\/api.w.org\/{rel}","templated":true}]}}