{"id":235376,"date":"2025-11-11T09:21:43","date_gmt":"2025-11-11T12:21:43","guid":{"rendered":"https:\/\/corrientesdetarde.com\/?p=235376"},"modified":"2025-11-11T09:21:48","modified_gmt":"2025-11-11T12:21:48","slug":"actividades-en-el-marco-del-dia-mundial-en-recuerdo-de-las-victimas-de-transito","status":"publish","type":"post","link":"https:\/\/corrientesdetarde.com\/index.php\/sociales\/actividades-en-el-marco-del-dia-mundial-en-recuerdo-de-las-victimas-de-transito\/","title":{"rendered":"Actividades en el marco del D\u00eda Mundial en recuerdo de las v\u00edctimas de tr\u00e1nsito"},"content":{"rendered":"\n<p>El subsecretario de Seguridad Vial de la Provincia, Dr. Juan Manuel Saloj, encabezar\u00e1 este viernes 14 de noviembre el acto de entrega de reconocimientos a organismos que se destacan por su labor en materia de seguridad vial. La ceremonia se realizar\u00e1 a las 8:30 horas en el Sal\u00f3n Verde de Casa de Gobierno, y reunir\u00e1 a autoridades provinciales, representantes de instituciones y organismos vinculados al trabajo en la prevenci\u00f3n de siniestros viales.<\/p>\n\n\n\n<p>Al t\u00e9rmino del acto, se dar\u00e1 inicio a la Jornada Interinstitucional en Conmemoraci\u00f3n del \u201cD\u00eda Mundial en Recuerdo de las V\u00edctimas de Tr\u00e1nsito\u201d, que tendr\u00e1 lugar en el Auditorio del Edificio Hist\u00f3rico de la Facultad de Derecho, Ciencias Sociales y Pol\u00edticas de la UNNE (Salta 459).<\/p>\n\n\n\n<figure class=\"wp-block-image size-large\"><img loading=\"lazy\" decoding=\"async\" width=\"576\" height=\"1024\" src=\"https:\/\/corrientesdetarde.com\/wp-content\/uploads\/2025\/11\/image-343-576x1024.png\" alt=\"\" class=\"wp-image-235391\" srcset=\"https:\/\/corrientesdetarde.com\/wp-content\/uploads\/2025\/11\/image-343-576x1024.png 576w, https:\/\/corrientesdetarde.com\/wp-content\/uploads\/2025\/11\/image-343-169x300.png 169w, https:\/\/corrientesdetarde.com\/wp-content\/uploads\/2025\/11\/image-343.png 720w\" sizes=\"auto, (max-width: 576px) 100vw, 576px\" \/><\/figure>\n","protected":false},"excerpt":{"rendered":"<p>El subsecretario de Seguridad Vial de la Provincia, Dr. Juan Manuel Saloj, encabezar\u00e1 este viernes 14 de noviembre el acto de entrega de reconocimientos a organismos que se destacan por&hellip; <\/p>\n","protected":false},"author":1,"featured_media":235392,"comment_status":"closed","ping_status":"open","sticky":false,"template":"","format":"standard","meta":{"footnotes":""},"categories":[17],"tags":[],"class_list":["post-235376","post","type-post","status-publish","format-standard","has-post-thumbnail","hentry","category-sociales"],"_links":{"self":[{"href":"https:\/\/corrientesdetarde.com\/index.php\/wp-json\/wp\/v2\/posts\/235376","targetHints":{"allow":["GET"]}}],"collection":[{"href":"https:\/\/corrientesdetarde.com\/index.php\/wp-json\/wp\/v2\/posts"}],"about":[{"href":"https:\/\/corrientesdetarde.com\/index.php\/wp-json\/wp\/v2\/types\/post"}],"author":[{"embeddable":true,"href":"https:\/\/corrientesdetarde.com\/index.php\/wp-json\/wp\/v2\/users\/1"}],"replies":[{"embeddable":true,"href":"https:\/\/corrientesdetarde.com\/index.php\/wp-json\/wp\/v2\/comments?post=235376"}],"version-history":[{"count":1,"href":"https:\/\/corrientesdetarde.com\/index.php\/wp-json\/wp\/v2\/posts\/235376\/revisions"}],"predecessor-version":[{"id":235393,"href":"https:\/\/corrientesdetarde.com\/index.php\/wp-json\/wp\/v2\/posts\/235376\/revisions\/235393"}],"wp:featuredmedia":[{"embeddable":true,"href":"https:\/\/corrientesdetarde.com\/index.php\/wp-json\/wp\/v2\/media\/235392"}],"wp:attachment":[{"href":"https:\/\/corrientesdetarde.com\/index.php\/wp-json\/wp\/v2\/media?parent=235376"}],"wp:term":[{"taxonomy":"category","embeddable":true,"href":"https:\/\/corrientesdetarde.com\/index.php\/wp-json\/wp\/v2\/categories?post=235376"},{"taxonomy":"post_tag","embeddable":true,"href":"https:\/\/corrientesdetarde.com\/index.php\/wp-json\/wp\/v2\/tags?post=235376"}],"curies":[{"name":"wp","href":"https:\/\/api.w.org\/{rel}","templated":true}]}}