{"id":235396,"date":"2025-11-11T09:27:09","date_gmt":"2025-11-11T12:27:09","guid":{"rendered":"https:\/\/corrientesdetarde.com\/?p=235396"},"modified":"2025-11-11T09:27:40","modified_gmt":"2025-11-11T12:27:40","slug":"la-cruz-una-nina-fallecio-tras-caerse-a-una-pileta","status":"publish","type":"post","link":"https:\/\/corrientesdetarde.com\/index.php\/policiales\/la-cruz-una-nina-fallecio-tras-caerse-a-una-pileta\/","title":{"rendered":"La Cruz: Una ni\u00f1a falleci\u00f3 tras caerse a una pileta"},"content":{"rendered":"\n<p>Un tr\u00e1gico hecho se registr\u00f3 en la localidad correntina de La Cruz, en donde una menor de dos a\u00f1os se ahog\u00f3 tras caerse a una pileta, seg\u00fan indicaron medios locales.\u00a0<\/p>\n\n\n\n<p>El lamentable episodio ocurri\u00f3 este lunes en horas de la siesta. La ni\u00f1a tras caerse en la pileta fue trasladada de urgencia al hospital. A pesar del esfuerzo de los m\u00e9dicos, lamentablemente se produjo su fallecimiento.<\/p>\n\n\n\n<p>En tanto, la Justicia se encuentra investigando para determinar c\u00f3mo se produjo la muerta de la ni\u00f1a. &nbsp;&nbsp;<\/p>\n\n\n\n<p><\/p>\n","protected":false},"excerpt":{"rendered":"<p>Un tr\u00e1gico hecho se registr\u00f3 en la localidad correntina de La Cruz, en donde una menor de dos a\u00f1os se ahog\u00f3 tras caerse a una pileta, seg\u00fan indicaron medios locales.\u00a0&hellip; <\/p>\n","protected":false},"author":1,"featured_media":235397,"comment_status":"closed","ping_status":"open","sticky":false,"template":"","format":"standard","meta":{"footnotes":""},"categories":[33],"tags":[],"class_list":["post-235396","post","type-post","status-publish","format-standard","has-post-thumbnail","hentry","category-policiales"],"_links":{"self":[{"href":"https:\/\/corrientesdetarde.com\/index.php\/wp-json\/wp\/v2\/posts\/235396","targetHints":{"allow":["GET"]}}],"collection":[{"href":"https:\/\/corrientesdetarde.com\/index.php\/wp-json\/wp\/v2\/posts"}],"about":[{"href":"https:\/\/corrientesdetarde.com\/index.php\/wp-json\/wp\/v2\/types\/post"}],"author":[{"embeddable":true,"href":"https:\/\/corrientesdetarde.com\/index.php\/wp-json\/wp\/v2\/users\/1"}],"replies":[{"embeddable":true,"href":"https:\/\/corrientesdetarde.com\/index.php\/wp-json\/wp\/v2\/comments?post=235396"}],"version-history":[{"count":1,"href":"https:\/\/corrientesdetarde.com\/index.php\/wp-json\/wp\/v2\/posts\/235396\/revisions"}],"predecessor-version":[{"id":235398,"href":"https:\/\/corrientesdetarde.com\/index.php\/wp-json\/wp\/v2\/posts\/235396\/revisions\/235398"}],"wp:featuredmedia":[{"embeddable":true,"href":"https:\/\/corrientesdetarde.com\/index.php\/wp-json\/wp\/v2\/media\/235397"}],"wp:attachment":[{"href":"https:\/\/corrientesdetarde.com\/index.php\/wp-json\/wp\/v2\/media?parent=235396"}],"wp:term":[{"taxonomy":"category","embeddable":true,"href":"https:\/\/corrientesdetarde.com\/index.php\/wp-json\/wp\/v2\/categories?post=235396"},{"taxonomy":"post_tag","embeddable":true,"href":"https:\/\/corrientesdetarde.com\/index.php\/wp-json\/wp\/v2\/tags?post=235396"}],"curies":[{"name":"wp","href":"https:\/\/api.w.org\/{rel}","templated":true}]}}