{"id":235406,"date":"2025-11-11T13:30:19","date_gmt":"2025-11-11T16:30:19","guid":{"rendered":"https:\/\/corrientesdetarde.com\/?p=235406"},"modified":"2025-11-11T13:30:44","modified_gmt":"2025-11-11T16:30:44","slug":"braillard-poccard-acompano-la-apertura-de-la-jornada-mandua-ha-arandu","status":"publish","type":"post","link":"https:\/\/corrientesdetarde.com\/index.php\/eventossociedad\/braillard-poccard-acompano-la-apertura-de-la-jornada-mandua-ha-arandu\/","title":{"rendered":"Braillard Poccard acompa\u00f1\u00f3 la apertura de la jornada \u201cMandu\u2019a ha Arand\u00fa\u201d"},"content":{"rendered":"\n<p>Instituto de Formaci\u00f3n Docente \u201cJos\u00e9 Manuel Estrada\u201d<\/p>\n\n\n\n<p>Este martes se inaugur\u00f3 la jornada \u201cMandu\u2019a ha Arand\u00fa\u201d \u2013Memoria y Sabidur\u00eda- que tuvo lugar en el Instituto de Formaci\u00f3n Docente \u201cJos\u00e9 Manuel Estrada\u201d, con el objetivo de revalorizar las leyendas correntinas como parte de nuestra identidad cultural y pedag\u00f3gica.<\/p>\n\n\n\n<p>El acto de apertura estuvo a cargo del vicegobernador, Pedro Braillard Poccard, particip\u00f3, junto a la Rectora de la instituci\u00f3n, Rosa Ceccardi y el investigador Kito Galiana, quienes destacaron la importancia de revalorizar nuestro patrimonio imaterial.<\/p>\n\n\n\n<p>Durante el acto, Braillard Poccard expres\u00f3: \u201cQuer\u00eda venir a compartir con ustedes, porque indagar y conocer todas estas cosas que forman parte de nuestro patrimonio, como generar espacios que promuevan el conocimiento y la revalorizaci\u00f3n de la identidad cultural correntina, es algo muy valioso\u201d.<\/p>\n\n\n\n<p>\u201cEscuchaba reci\u00e9n al doctor \u201cKito\u201d Galiana \u2014que adem\u00e1s de seguir siendo un gran profesor de Derecho\u2014 se ha destacado escribiendo. Ya lleva nueve libros sobre historia, historias nuestras, escritas con una pluma muy especial. Adem\u00e1s, publica todos los domingos en El Litoral, y lo primero que hago cada domingo es leer su p\u00e1gina, m\u00e1s all\u00e1 de que tengo sus libros\u201d. El vicegobernador record\u00f3 que el Senado de la provincia entreg\u00f3 al escritor la m\u00e1xima distinci\u00f3n \u201cLibertador Gral. San Martin\u201d, por su aporte a la cultura y la historia local, se la entregaron con mucho orgullo\u201d record\u00f3.<\/p>\n\n\n\n<p>Para terminar, el Vicegobernador felicit\u00f3 a los participantes de la jornada por su labor: \u201cFelicito y agradezco que se escriba sobre lo nuestro, porque el cuento hay que concretarlo y complementarlo con la escritura. Escribir requiere talento, pero sobre todo valent\u00eda, porque uno se expone a la cr\u00edtica y a la evaluaci\u00f3n de los dem\u00e1s: lo que piensa, lo que siente, lo que expresa\u201d.<\/p>\n\n\n\n<p>En el marco del encuentro, se presentaron las producciones realizadas por estudiantes, residentes y docentes de las distintas carreras en di\u00e1logo con las leyendas del Tarag\u00fci, relatos que transmiten memoria, valores y sabidur\u00eda ancestral.<\/p>\n\n\n\n<figure class=\"wp-block-image size-large\"><img loading=\"lazy\" decoding=\"async\" width=\"1024\" height=\"682\" src=\"https:\/\/corrientesdetarde.com\/wp-content\/uploads\/2025\/11\/WhatsApp-Image-2025-11-11-at-13.02.29-1024x682.jpeg\" alt=\"\" class=\"wp-image-235412\" srcset=\"https:\/\/corrientesdetarde.com\/wp-content\/uploads\/2025\/11\/WhatsApp-Image-2025-11-11-at-13.02.29-1024x682.jpeg 1024w, https:\/\/corrientesdetarde.com\/wp-content\/uploads\/2025\/11\/WhatsApp-Image-2025-11-11-at-13.02.29-300x200.jpeg 300w, https:\/\/corrientesdetarde.com\/wp-content\/uploads\/2025\/11\/WhatsApp-Image-2025-11-11-at-13.02.29-768x512.jpeg 768w, https:\/\/corrientesdetarde.com\/wp-content\/uploads\/2025\/11\/WhatsApp-Image-2025-11-11-at-13.02.29-1536x1023.jpeg 1536w, https:\/\/corrientesdetarde.com\/wp-content\/uploads\/2025\/11\/WhatsApp-Image-2025-11-11-at-13.02.29.jpeg 1600w\" sizes=\"auto, (max-width: 1024px) 100vw, 1024px\" \/><\/figure>\n\n\n\n<figure class=\"wp-block-image size-large\"><img loading=\"lazy\" decoding=\"async\" width=\"1024\" height=\"682\" src=\"https:\/\/corrientesdetarde.com\/wp-content\/uploads\/2025\/11\/WhatsApp-Image-2025-11-11-at-13.02.27-1024x682.jpeg\" alt=\"\" class=\"wp-image-235411\" srcset=\"https:\/\/corrientesdetarde.com\/wp-content\/uploads\/2025\/11\/WhatsApp-Image-2025-11-11-at-13.02.27-1024x682.jpeg 1024w, https:\/\/corrientesdetarde.com\/wp-content\/uploads\/2025\/11\/WhatsApp-Image-2025-11-11-at-13.02.27-300x200.jpeg 300w, https:\/\/corrientesdetarde.com\/wp-content\/uploads\/2025\/11\/WhatsApp-Image-2025-11-11-at-13.02.27-768x512.jpeg 768w, https:\/\/corrientesdetarde.com\/wp-content\/uploads\/2025\/11\/WhatsApp-Image-2025-11-11-at-13.02.27-1536x1023.jpeg 1536w, https:\/\/corrientesdetarde.com\/wp-content\/uploads\/2025\/11\/WhatsApp-Image-2025-11-11-at-13.02.27.jpeg 1600w\" sizes=\"auto, (max-width: 1024px) 100vw, 1024px\" \/><\/figure>\n\n\n\n<figure class=\"wp-block-image size-large\"><img loading=\"lazy\" decoding=\"async\" width=\"1024\" height=\"682\" src=\"https:\/\/corrientesdetarde.com\/wp-content\/uploads\/2025\/11\/WhatsApp-Image-2025-11-11-at-13.02.28-1-1024x682.jpeg\" alt=\"\" class=\"wp-image-235408\" srcset=\"https:\/\/corrientesdetarde.com\/wp-content\/uploads\/2025\/11\/WhatsApp-Image-2025-11-11-at-13.02.28-1-1024x682.jpeg 1024w, https:\/\/corrientesdetarde.com\/wp-content\/uploads\/2025\/11\/WhatsApp-Image-2025-11-11-at-13.02.28-1-300x200.jpeg 300w, https:\/\/corrientesdetarde.com\/wp-content\/uploads\/2025\/11\/WhatsApp-Image-2025-11-11-at-13.02.28-1-768x512.jpeg 768w, https:\/\/corrientesdetarde.com\/wp-content\/uploads\/2025\/11\/WhatsApp-Image-2025-11-11-at-13.02.28-1-1536x1023.jpeg 1536w, https:\/\/corrientesdetarde.com\/wp-content\/uploads\/2025\/11\/WhatsApp-Image-2025-11-11-at-13.02.28-1.jpeg 1600w\" sizes=\"auto, (max-width: 1024px) 100vw, 1024px\" \/><\/figure>\n\n\n\n<figure class=\"wp-block-image size-large\"><img loading=\"lazy\" decoding=\"async\" width=\"1024\" height=\"682\" src=\"https:\/\/corrientesdetarde.com\/wp-content\/uploads\/2025\/11\/WhatsApp-Image-2025-11-11-at-13.02.28-2-1024x682.jpeg\" alt=\"\" class=\"wp-image-235413\" srcset=\"https:\/\/corrientesdetarde.com\/wp-content\/uploads\/2025\/11\/WhatsApp-Image-2025-11-11-at-13.02.28-2-1024x682.jpeg 1024w, https:\/\/corrientesdetarde.com\/wp-content\/uploads\/2025\/11\/WhatsApp-Image-2025-11-11-at-13.02.28-2-300x200.jpeg 300w, https:\/\/corrientesdetarde.com\/wp-content\/uploads\/2025\/11\/WhatsApp-Image-2025-11-11-at-13.02.28-2-768x512.jpeg 768w, https:\/\/corrientesdetarde.com\/wp-content\/uploads\/2025\/11\/WhatsApp-Image-2025-11-11-at-13.02.28-2-1536x1023.jpeg 1536w, https:\/\/corrientesdetarde.com\/wp-content\/uploads\/2025\/11\/WhatsApp-Image-2025-11-11-at-13.02.28-2.jpeg 1600w\" sizes=\"auto, (max-width: 1024px) 100vw, 1024px\" \/><\/figure>\n\n\n\n<figure class=\"wp-block-image size-large\"><img loading=\"lazy\" decoding=\"async\" width=\"1024\" height=\"682\" src=\"https:\/\/corrientesdetarde.com\/wp-content\/uploads\/2025\/11\/WhatsApp-Image-2025-11-11-at-13.02.28-1024x682.jpeg\" alt=\"\" class=\"wp-image-235410\" srcset=\"https:\/\/corrientesdetarde.com\/wp-content\/uploads\/2025\/11\/WhatsApp-Image-2025-11-11-at-13.02.28-1024x682.jpeg 1024w, https:\/\/corrientesdetarde.com\/wp-content\/uploads\/2025\/11\/WhatsApp-Image-2025-11-11-at-13.02.28-300x200.jpeg 300w, https:\/\/corrientesdetarde.com\/wp-content\/uploads\/2025\/11\/WhatsApp-Image-2025-11-11-at-13.02.28-768x512.jpeg 768w, https:\/\/corrientesdetarde.com\/wp-content\/uploads\/2025\/11\/WhatsApp-Image-2025-11-11-at-13.02.28-1536x1023.jpeg 1536w, https:\/\/corrientesdetarde.com\/wp-content\/uploads\/2025\/11\/WhatsApp-Image-2025-11-11-at-13.02.28.jpeg 1600w\" sizes=\"auto, (max-width: 1024px) 100vw, 1024px\" \/><\/figure>\n\n\n\n<figure class=\"wp-block-image size-large\"><img loading=\"lazy\" decoding=\"async\" width=\"682\" height=\"1024\" src=\"https:\/\/corrientesdetarde.com\/wp-content\/uploads\/2025\/11\/WhatsApp-Image-2025-11-11-at-13.02.29-1-682x1024.jpeg\" alt=\"\" class=\"wp-image-235407\" srcset=\"https:\/\/corrientesdetarde.com\/wp-content\/uploads\/2025\/11\/WhatsApp-Image-2025-11-11-at-13.02.29-1-682x1024.jpeg 682w, https:\/\/corrientesdetarde.com\/wp-content\/uploads\/2025\/11\/WhatsApp-Image-2025-11-11-at-13.02.29-1-200x300.jpeg 200w, https:\/\/corrientesdetarde.com\/wp-content\/uploads\/2025\/11\/WhatsApp-Image-2025-11-11-at-13.02.29-1-768x1153.jpeg 768w, https:\/\/corrientesdetarde.com\/wp-content\/uploads\/2025\/11\/WhatsApp-Image-2025-11-11-at-13.02.29-1-1023x1536.jpeg 1023w, https:\/\/corrientesdetarde.com\/wp-content\/uploads\/2025\/11\/WhatsApp-Image-2025-11-11-at-13.02.29-1.jpeg 1066w\" sizes=\"auto, (max-width: 682px) 100vw, 682px\" \/><\/figure>\n\n\n\n<figure class=\"wp-block-image size-large\"><img loading=\"lazy\" decoding=\"async\" width=\"1024\" height=\"682\" src=\"https:\/\/corrientesdetarde.com\/wp-content\/uploads\/2025\/11\/WhatsApp-Image-2025-11-11-at-13.02.29-2-1024x682.jpeg\" alt=\"\" class=\"wp-image-235409\" srcset=\"https:\/\/corrientesdetarde.com\/wp-content\/uploads\/2025\/11\/WhatsApp-Image-2025-11-11-at-13.02.29-2-1024x682.jpeg 1024w, https:\/\/corrientesdetarde.com\/wp-content\/uploads\/2025\/11\/WhatsApp-Image-2025-11-11-at-13.02.29-2-300x200.jpeg 300w, https:\/\/corrientesdetarde.com\/wp-content\/uploads\/2025\/11\/WhatsApp-Image-2025-11-11-at-13.02.29-2-768x512.jpeg 768w, https:\/\/corrientesdetarde.com\/wp-content\/uploads\/2025\/11\/WhatsApp-Image-2025-11-11-at-13.02.29-2-1536x1023.jpeg 1536w, https:\/\/corrientesdetarde.com\/wp-content\/uploads\/2025\/11\/WhatsApp-Image-2025-11-11-at-13.02.29-2.jpeg 1600w\" sizes=\"auto, (max-width: 1024px) 100vw, 1024px\" \/><\/figure>\n","protected":false},"excerpt":{"rendered":"<p>Instituto de Formaci\u00f3n Docente \u201cJos\u00e9 Manuel Estrada\u201d Este martes se inaugur\u00f3 la jornada \u201cMandu\u2019a ha Arand\u00fa\u201d \u2013Memoria y Sabidur\u00eda- que tuvo lugar en el Instituto de Formaci\u00f3n Docente \u201cJos\u00e9 Manuel&hellip; <\/p>\n","protected":false},"author":8,"featured_media":235411,"comment_status":"closed","ping_status":"open","sticky":false,"template":"","format":"standard","meta":{"footnotes":""},"categories":[1208],"tags":[],"class_list":["post-235406","post","type-post","status-publish","format-standard","has-post-thumbnail","hentry","category-eventossociedad"],"_links":{"self":[{"href":"https:\/\/corrientesdetarde.com\/index.php\/wp-json\/wp\/v2\/posts\/235406","targetHints":{"allow":["GET"]}}],"collection":[{"href":"https:\/\/corrientesdetarde.com\/index.php\/wp-json\/wp\/v2\/posts"}],"about":[{"href":"https:\/\/corrientesdetarde.com\/index.php\/wp-json\/wp\/v2\/types\/post"}],"author":[{"embeddable":true,"href":"https:\/\/corrientesdetarde.com\/index.php\/wp-json\/wp\/v2\/users\/8"}],"replies":[{"embeddable":true,"href":"https:\/\/corrientesdetarde.com\/index.php\/wp-json\/wp\/v2\/comments?post=235406"}],"version-history":[{"count":1,"href":"https:\/\/corrientesdetarde.com\/index.php\/wp-json\/wp\/v2\/posts\/235406\/revisions"}],"predecessor-version":[{"id":235414,"href":"https:\/\/corrientesdetarde.com\/index.php\/wp-json\/wp\/v2\/posts\/235406\/revisions\/235414"}],"wp:featuredmedia":[{"embeddable":true,"href":"https:\/\/corrientesdetarde.com\/index.php\/wp-json\/wp\/v2\/media\/235411"}],"wp:attachment":[{"href":"https:\/\/corrientesdetarde.com\/index.php\/wp-json\/wp\/v2\/media?parent=235406"}],"wp:term":[{"taxonomy":"category","embeddable":true,"href":"https:\/\/corrientesdetarde.com\/index.php\/wp-json\/wp\/v2\/categories?post=235406"},{"taxonomy":"post_tag","embeddable":true,"href":"https:\/\/corrientesdetarde.com\/index.php\/wp-json\/wp\/v2\/tags?post=235406"}],"curies":[{"name":"wp","href":"https:\/\/api.w.org\/{rel}","templated":true}]}}