{"id":235415,"date":"2025-11-11T13:32:21","date_gmt":"2025-11-11T16:32:21","guid":{"rendered":"https:\/\/corrientesdetarde.com\/?p=235415"},"modified":"2025-11-11T13:32:48","modified_gmt":"2025-11-11T16:32:48","slug":"caa-cati-vivira-su-9-fiesta-provincial-del-bufalo","status":"publish","type":"post","link":"https:\/\/corrientesdetarde.com\/index.php\/eventos\/caa-cati-vivira-su-9-fiesta-provincial-del-bufalo\/","title":{"rendered":"Caa Cati vivir\u00e1 su 9\u00b0 Fiesta Provincial del B\u00fafalo"},"content":{"rendered":"\n<p>Esta martes se present\u00f3 en Casa Ibera lo que ser\u00e1 \u00e9ste evento anual que celebra la producci\u00f3n bubalina de la regi\u00f3n. El encuentro tendr\u00e1 lugar el pr\u00f3ximo 14 de noviembre en la Sociedad Rural de General Paz.<\/p>\n\n\n\n<p>En conferencia estuvo presente el intendente de Caa Cati, Jorge Meza; el Subsecretario de Promoci\u00f3n e inversiones tur\u00edsticas, Augusto Costaguta; por la Sociedad Rural de General Paz se cont\u00f3 con la presencia de Marilin Meana Colodrero y por la Asociaci\u00f3n argentina de criadores de b\u00fafalo, acompa\u00f1\u00f3 Marcelo Breard, entre otros.<\/p>\n\n\n\n<p>Por lo tanto, el Intendente Jorge Meza coment\u00f3 que \u00e9ste es su \u00faltimo a\u00f1o como jefe comunal y que le ha tocado organizar junto al gobierno de la provincia de Corrientes, el sector privado y la sociedad rural de General Paz, la novena edici\u00f3n de esta fiesta. \u201cEn este tiempo hemos notado el crecimiento que tiene el evento en s\u00ed, pero fundamentalmente como respuesta a un inter\u00e9s que ten\u00edan aquellos promotores de la ley provincial que es la de promocionar la producci\u00f3n bubalina y alentar al correntino, sobre todo en esta zona a que se dedique a esta actividad\u201d expres\u00f3. Por otro parte, agreg\u00f3 que la fiesta arrancar\u00e1 a la ma\u00f1ana con charlas y capacitaciones, para luego a las 11:00 estar inaugurando la Expo B\u00fafalo que es un espacio donde la gente va a poder tomar contacto con la gastronom\u00eda que se va a ofrecer a base de carne de b\u00fafalo y de leche, como es el dulce de leche de b\u00fafalo. A las 12 del mediod\u00eda est\u00e1 prevista la inauguraci\u00f3n oficial de la novena edici\u00f3n de esta fiesta. Y a partir de las 15 horas habr\u00e1 m\u00e1s actividades. Por la noche el gran festival del cierre se realizar\u00e1 con el fin de homenajear al trabajador rural\u201d puntualiz\u00f3.<\/p>\n\n\n\n<p>En este marco, Costaguta se\u00f1al\u00f3 \u201cnosotros, lo que pretendemos en la parte productiva es difusi\u00f3n del b\u00fafalo y en lo que se est\u00e1 logrando con esta fiesta que es tambi\u00e9n transmitir todas las voluntades que tiene el B\u00fafalo para la gente que por ah\u00ed no conoce\u201d. Al mismo tiempo destac\u00f3 que el gobierno provincial apuesta al turismo; \u00e9ste es un evento donde la gente tiene la posibilidad de participar en charlas t\u00e9cnicas, ir a comprar algunos de los b\u00fafalos; formar parte del festival y las actividades recreativas como tambi\u00e9n se puede recorrer el lugar que es amplio, lindo y que cuenta para aquellos interesados con informaci\u00f3n y novedades del rubro\u201d.<\/p>\n","protected":false},"excerpt":{"rendered":"<p>Esta martes se present\u00f3 en Casa Ibera lo que ser\u00e1 \u00e9ste evento anual que celebra la producci\u00f3n bubalina de la regi\u00f3n. El encuentro tendr\u00e1 lugar el pr\u00f3ximo 14 de noviembre&hellip; <\/p>\n","protected":false},"author":8,"featured_media":235416,"comment_status":"closed","ping_status":"open","sticky":false,"template":"","format":"standard","meta":{"footnotes":""},"categories":[22],"tags":[],"class_list":["post-235415","post","type-post","status-publish","format-standard","has-post-thumbnail","hentry","category-eventos"],"_links":{"self":[{"href":"https:\/\/corrientesdetarde.com\/index.php\/wp-json\/wp\/v2\/posts\/235415","targetHints":{"allow":["GET"]}}],"collection":[{"href":"https:\/\/corrientesdetarde.com\/index.php\/wp-json\/wp\/v2\/posts"}],"about":[{"href":"https:\/\/corrientesdetarde.com\/index.php\/wp-json\/wp\/v2\/types\/post"}],"author":[{"embeddable":true,"href":"https:\/\/corrientesdetarde.com\/index.php\/wp-json\/wp\/v2\/users\/8"}],"replies":[{"embeddable":true,"href":"https:\/\/corrientesdetarde.com\/index.php\/wp-json\/wp\/v2\/comments?post=235415"}],"version-history":[{"count":1,"href":"https:\/\/corrientesdetarde.com\/index.php\/wp-json\/wp\/v2\/posts\/235415\/revisions"}],"predecessor-version":[{"id":235417,"href":"https:\/\/corrientesdetarde.com\/index.php\/wp-json\/wp\/v2\/posts\/235415\/revisions\/235417"}],"wp:featuredmedia":[{"embeddable":true,"href":"https:\/\/corrientesdetarde.com\/index.php\/wp-json\/wp\/v2\/media\/235416"}],"wp:attachment":[{"href":"https:\/\/corrientesdetarde.com\/index.php\/wp-json\/wp\/v2\/media?parent=235415"}],"wp:term":[{"taxonomy":"category","embeddable":true,"href":"https:\/\/corrientesdetarde.com\/index.php\/wp-json\/wp\/v2\/categories?post=235415"},{"taxonomy":"post_tag","embeddable":true,"href":"https:\/\/corrientesdetarde.com\/index.php\/wp-json\/wp\/v2\/tags?post=235415"}],"curies":[{"name":"wp","href":"https:\/\/api.w.org\/{rel}","templated":true}]}}