{"id":235418,"date":"2025-11-11T13:38:01","date_gmt":"2025-11-11T16:38:01","guid":{"rendered":"https:\/\/corrientesdetarde.com\/?p=235418"},"modified":"2025-11-11T13:38:08","modified_gmt":"2025-11-11T16:38:08","slug":"valdes-inauguro-asfalto-un-playon-deportivo-y-el-parque-municipal-de-san-carlos","status":"publish","type":"post","link":"https:\/\/corrientesdetarde.com\/index.php\/locales\/valdes-inauguro-asfalto-un-playon-deportivo-y-el-parque-municipal-de-san-carlos\/","title":{"rendered":"Vald\u00e9s inaugur\u00f3 asfalto, un play\u00f3n deportivo y el Parque Municipal de San Carlos"},"content":{"rendered":"\n<p>El gobernador Gustavo Vald\u00e9s se dirigi\u00f3 este martes a San Carlos, donde asegur\u00f3 que se trata de su \u00faltima visita como Mandatario. En este marco, inaugur\u00f3 20 cuadras de asfalto, y el Play\u00f3n Deportivo y Parque Municipal &#8220;Ariana&#8221;, fruto del aporte provincial a las diferentes localidades en un trabajo en conjunto que &#8220;permiti\u00f3 transformar y desarrollar el interior&#8221;, remarc\u00f3.<\/p>\n\n\n\n<p>\u201cEn alg\u00fan tiempo dec\u00edan que el asfalto no se come, y es cierto, pero c\u00f3mo dignifica, c\u00f3mo cambia, c\u00f3mo transforma\u201d, expres\u00f3 Gustavo Vald\u00e9s, al se\u00f1alar el impacto que estas inversiones tienen en la vida cotidiana de las familias correntinas.<\/p>\n\n\n\n<p>El gobernador subray\u00f3 que, si bien la pavimentaci\u00f3n de calles es una responsabilidad municipal, el Gobierno provincial decidi\u00f3 invertir en todas las localidades para acompa\u00f1ar el desarrollo urbano. \u201cVe\u00edamos que con el sistema anterior no se avanzaba, y comenzamos a hacer inversiones\u201d, explic\u00f3.<\/p>\n\n\n\n<p>En ese sentido, repas\u00f3 algunas de las principales obras realizadas durante su gesti\u00f3n: m\u00e1s de 4000 viviendas, 68 comisar\u00edas nuevas, y 300 kil\u00f3metros de asfalto en diferentes puntos del territorio correntino.<\/p>\n\n\n\n<p>\u201cTenemos cuatro plantas de asfalto funcionando para que nunca m\u00e1s a una localidad le falte un plan de mejora de sus calles. Una cuadra de estas hoy vale aproximadamente 50 millones de pesos, por lo que en San Carlos estamos hablando de una inversi\u00f3n de entre 1000 y 1200 millones de pesos\u201d, detall\u00f3.<\/p>\n\n\n\n<p>Vald\u00e9s tambi\u00e9n destac\u00f3 la recuperaci\u00f3n de la capacidad operativa del Estado provincial para ejecutar obras p\u00fablicas con personal propio, lo que permite avanzar con mayor eficiencia en distintos municipios. \u201cEn Capital hicimos 2600 cuadras, y hoy estamos presentes en cada rinc\u00f3n de la provincia\u201d, afirm\u00f3.<\/p>\n\n\n\n<p>Finalmente, Vald\u00e9s resalt\u00f3 la riqueza productiva de la zona y llam\u00f3 a seguir trabajando unidos por el futuro de Corrientes: \u201cVivimos en una tierra maravillosa, con recursos incalculables: madera, ganader\u00eda, yerba mate, energ\u00eda. Tenemos todo para seguir creciendo. El desaf\u00edo que queda es construir ese futuro juntos\u201d.<\/p>\n\n\n\n<p>A su turno, el intendente local, Emiliano Costaganna declar\u00f3 que esta obra \u201csimboliza el federalismo en la provincia, ya que la gesti\u00f3n llega con desarrollo y progreso a todos los rincones de nuestra geograf\u00eda y es algo que debemos valorar\u201d.<\/p>\n\n\n\n<p>Seguidamente, el jefe comunal destac\u00f3 a Vald\u00e9s, se\u00f1alando: \u201cTenemos un gobernador que mira y acompa\u00f1a a los pueblos del interior\u201d y agreg\u00f3 que la Provincia le ha aportado mucho a San Carlos\u201d.<\/p>\n\n\n\n<p>En virtud de ello Costaganna, en nombre de toda la comunidad, agradeci\u00f3 la presencia y el apoyo del gobernador, siendo una persona que \u201cno se olvid\u00f3 de nuestro pueblo y de nuestra gente\u201d.<\/p>\n\n\n\n<p>Finalizando con sus palabras, el intendente se mostr\u00f3 convencido que a partir de la nueva gesti\u00f3n de gobierno que se avecina, \u201cvamos a seguir trabajando juntos por el bienestar de los sancarle\u00f1os y de todos los correntinos\u201d.<\/p>\n\n\n\n<p><strong>Espacios de recreaci\u00f3n y deportes para la comunidad<\/strong><\/p>\n\n\n\n<p>Posteriormente, la comitiva se traslad\u00f3 hacia el Parque Municipal \u201cAriana\u201d para inaugurar su puesta en valor, adem\u00e1s del flamante Play\u00f3n Deportivo. \u201cLos que practican deporte saben lo beneficioso que es, c\u00f3mo nos despeja, c\u00f3mo no entretiene. Por eso tener un espacio para ello es muy importante para los municipios\u201d, dijo el gobernador.<\/p>\n\n\n\n<p>El intendente Costaganna, inform\u00f3 que se trata de espacios de recreaci\u00f3n y diversi\u00f3n, en donde adem\u00e1s se van a generar competencias deportivas.<\/p>\n\n\n\n<p>\u201cNo ten\u00edamos un lugar adecuado y a partir de ahora se van a poder practicar disciplinas como v\u00f3ley, b\u00e1squet y otras\u201d, coment\u00f3 el jefe comunal, a lo que agreg\u00f3 que a trav\u00e9s de la Direcci\u00f3n de Deportes se organizar\u00e1n las distintas actividades para toda la comunidad.<\/p>\n\n\n\n<p>Para concluir, el intendente pidi\u00f3 cuidar \u201cestas hermosas instalaciones\u201d y dese\u00f3 que los vecinos de San Carlos puedan disfrutarlas de la mejor manera.<\/p>\n\n\n\n<figure class=\"wp-block-image size-large\"><img loading=\"lazy\" decoding=\"async\" width=\"1024\" height=\"683\" src=\"https:\/\/corrientesdetarde.com\/wp-content\/uploads\/2025\/11\/image-350-1024x683.png\" alt=\"\" class=\"wp-image-235420\" srcset=\"https:\/\/corrientesdetarde.com\/wp-content\/uploads\/2025\/11\/image-350-1024x683.png 1024w, https:\/\/corrientesdetarde.com\/wp-content\/uploads\/2025\/11\/image-350-300x200.png 300w, https:\/\/corrientesdetarde.com\/wp-content\/uploads\/2025\/11\/image-350-768x512.png 768w, https:\/\/corrientesdetarde.com\/wp-content\/uploads\/2025\/11\/image-350-1536x1024.png 1536w, https:\/\/corrientesdetarde.com\/wp-content\/uploads\/2025\/11\/image-350.png 1599w\" sizes=\"auto, (max-width: 1024px) 100vw, 1024px\" \/><\/figure>\n\n\n\n<figure class=\"wp-block-image size-large\"><img loading=\"lazy\" decoding=\"async\" width=\"1024\" height=\"683\" src=\"https:\/\/corrientesdetarde.com\/wp-content\/uploads\/2025\/11\/image-351-1024x683.png\" alt=\"\" class=\"wp-image-235421\" srcset=\"https:\/\/corrientesdetarde.com\/wp-content\/uploads\/2025\/11\/image-351-1024x683.png 1024w, https:\/\/corrientesdetarde.com\/wp-content\/uploads\/2025\/11\/image-351-300x200.png 300w, https:\/\/corrientesdetarde.com\/wp-content\/uploads\/2025\/11\/image-351-768x512.png 768w, https:\/\/corrientesdetarde.com\/wp-content\/uploads\/2025\/11\/image-351-1536x1024.png 1536w, https:\/\/corrientesdetarde.com\/wp-content\/uploads\/2025\/11\/image-351.png 1599w\" sizes=\"auto, (max-width: 1024px) 100vw, 1024px\" \/><\/figure>\n\n\n\n<figure class=\"wp-block-image size-large\"><img loading=\"lazy\" decoding=\"async\" width=\"1024\" height=\"683\" src=\"https:\/\/corrientesdetarde.com\/wp-content\/uploads\/2025\/11\/image-353-1024x683.png\" alt=\"\" class=\"wp-image-235423\" srcset=\"https:\/\/corrientesdetarde.com\/wp-content\/uploads\/2025\/11\/image-353-1024x683.png 1024w, https:\/\/corrientesdetarde.com\/wp-content\/uploads\/2025\/11\/image-353-300x200.png 300w, https:\/\/corrientesdetarde.com\/wp-content\/uploads\/2025\/11\/image-353-768x512.png 768w, https:\/\/corrientesdetarde.com\/wp-content\/uploads\/2025\/11\/image-353-1536x1024.png 1536w, https:\/\/corrientesdetarde.com\/wp-content\/uploads\/2025\/11\/image-353.png 1599w\" sizes=\"auto, (max-width: 1024px) 100vw, 1024px\" \/><\/figure>\n\n\n\n<figure class=\"wp-block-image size-large\"><img loading=\"lazy\" decoding=\"async\" width=\"1024\" height=\"683\" src=\"https:\/\/corrientesdetarde.com\/wp-content\/uploads\/2025\/11\/image-354-1024x683.png\" alt=\"\" class=\"wp-image-235424\" srcset=\"https:\/\/corrientesdetarde.com\/wp-content\/uploads\/2025\/11\/image-354-1024x683.png 1024w, https:\/\/corrientesdetarde.com\/wp-content\/uploads\/2025\/11\/image-354-300x200.png 300w, https:\/\/corrientesdetarde.com\/wp-content\/uploads\/2025\/11\/image-354-768x512.png 768w, https:\/\/corrientesdetarde.com\/wp-content\/uploads\/2025\/11\/image-354-1536x1024.png 1536w, https:\/\/corrientesdetarde.com\/wp-content\/uploads\/2025\/11\/image-354.png 1599w\" sizes=\"auto, (max-width: 1024px) 100vw, 1024px\" \/><\/figure>\n\n\n\n<figure class=\"wp-block-image size-large\"><img loading=\"lazy\" decoding=\"async\" width=\"1024\" height=\"683\" src=\"https:\/\/corrientesdetarde.com\/wp-content\/uploads\/2025\/11\/image-355-1024x683.png\" alt=\"\" class=\"wp-image-235425\" srcset=\"https:\/\/corrientesdetarde.com\/wp-content\/uploads\/2025\/11\/image-355-1024x683.png 1024w, https:\/\/corrientesdetarde.com\/wp-content\/uploads\/2025\/11\/image-355-300x200.png 300w, https:\/\/corrientesdetarde.com\/wp-content\/uploads\/2025\/11\/image-355-768x512.png 768w, https:\/\/corrientesdetarde.com\/wp-content\/uploads\/2025\/11\/image-355-1536x1024.png 1536w, https:\/\/corrientesdetarde.com\/wp-content\/uploads\/2025\/11\/image-355.png 1599w\" sizes=\"auto, (max-width: 1024px) 100vw, 1024px\" \/><\/figure>\n","protected":false},"excerpt":{"rendered":"<p>El gobernador Gustavo Vald\u00e9s se dirigi\u00f3 este martes a San Carlos, donde asegur\u00f3 que se trata de su \u00faltima visita como Mandatario. En este marco, inaugur\u00f3 20 cuadras de asfalto,&hellip; <\/p>\n","protected":false},"author":8,"featured_media":235422,"comment_status":"closed","ping_status":"open","sticky":false,"template":"","format":"standard","meta":{"footnotes":""},"categories":[8],"tags":[],"class_list":["post-235418","post","type-post","status-publish","format-standard","has-post-thumbnail","hentry","category-locales"],"_links":{"self":[{"href":"https:\/\/corrientesdetarde.com\/index.php\/wp-json\/wp\/v2\/posts\/235418","targetHints":{"allow":["GET"]}}],"collection":[{"href":"https:\/\/corrientesdetarde.com\/index.php\/wp-json\/wp\/v2\/posts"}],"about":[{"href":"https:\/\/corrientesdetarde.com\/index.php\/wp-json\/wp\/v2\/types\/post"}],"author":[{"embeddable":true,"href":"https:\/\/corrientesdetarde.com\/index.php\/wp-json\/wp\/v2\/users\/8"}],"replies":[{"embeddable":true,"href":"https:\/\/corrientesdetarde.com\/index.php\/wp-json\/wp\/v2\/comments?post=235418"}],"version-history":[{"count":1,"href":"https:\/\/corrientesdetarde.com\/index.php\/wp-json\/wp\/v2\/posts\/235418\/revisions"}],"predecessor-version":[{"id":235426,"href":"https:\/\/corrientesdetarde.com\/index.php\/wp-json\/wp\/v2\/posts\/235418\/revisions\/235426"}],"wp:featuredmedia":[{"embeddable":true,"href":"https:\/\/corrientesdetarde.com\/index.php\/wp-json\/wp\/v2\/media\/235422"}],"wp:attachment":[{"href":"https:\/\/corrientesdetarde.com\/index.php\/wp-json\/wp\/v2\/media?parent=235418"}],"wp:term":[{"taxonomy":"category","embeddable":true,"href":"https:\/\/corrientesdetarde.com\/index.php\/wp-json\/wp\/v2\/categories?post=235418"},{"taxonomy":"post_tag","embeddable":true,"href":"https:\/\/corrientesdetarde.com\/index.php\/wp-json\/wp\/v2\/tags?post=235418"}],"curies":[{"name":"wp","href":"https:\/\/api.w.org\/{rel}","templated":true}]}}