{"id":235427,"date":"2025-11-11T13:40:40","date_gmt":"2025-11-11T16:40:40","guid":{"rendered":"https:\/\/corrientesdetarde.com\/?p=235427"},"modified":"2025-11-11T13:40:54","modified_gmt":"2025-11-11T16:40:54","slug":"concierto-sinfonico-coral-para-celebrar-el-dia-de-la-musica-en-el-teatro-vera","status":"publish","type":"post","link":"https:\/\/corrientesdetarde.com\/index.php\/cultura\/concierto-sinfonico-coral-para-celebrar-el-dia-de-la-musica-en-el-teatro-vera\/","title":{"rendered":"Concierto Sinf\u00f3nico Coral para celebrar el D\u00eda de la M\u00fasica en el Teatro Vera\u00a0"},"content":{"rendered":"\n<p>El Instituto Superior de M\u00fasica \u201cProf. Carmelo H. de Biasi\u201d junto a la Orquesta Sinf\u00f3nica de Corrientes proponen esta velada de celebraci\u00f3n del D\u00eda de la M\u00fasica el jueves 20 desde las 21 hs en el Teatro Oficial Juan de Vera. Las entradas ya est\u00e1n a la venta en&nbsp;<a href=\"https:\/\/4ue34.r.sp1-brevo.net\/mk\/cl\/f\/sh\/6rqJfgq8dINmNvd2HB7mP7OK8Ju\/9VatgtxZ56Wb\" target=\"_blank\" rel=\"noreferrer noopener\">weepas.ar<\/a>&nbsp;y en boleter\u00eda del teatro.<\/p>\n\n\n\n<p>La instituci\u00f3n educativa forma a ni\u00f1os, j\u00f3venes y profesionales de la m\u00fasica desde hace m\u00e1s de 50 a\u00f1os; numerosos integrantes de la orquesta sinf\u00f3nica han pasado por las aulas del ISMU siendo hoy docentes del mismo.<\/p>\n\n\n\n<p>En la noche del jueves 20 de noviembre se presentar\u00e1n en vivo el Coro de Ni\u00f1os dirigido por Lisandro Palomo; el coro \u201cCantus Animae\u201d, dirigido por Alejandro Bendersky y el coro \u201cLes Amis\u201d de la ciudad de Resistencia, dirigido por Eduardo Rodr\u00edguez.<\/p>\n\n\n\n<p>El solista invitado ser\u00e1 el bar\u00edtono Francisco Malvido y junto a la Orquesta Sinf\u00f3nica de Corrientes interpretar\u00e1n grandes oberturas rom\u00e1nticas como \u201cNabucco\u201d de Verdi, \u201cGuillermo Tell\u201d de Rossini, \u201cMefist\u00f3feles de Boito\u201d y \u201cObertura 1812\u201d de Tchaikovsky, entre otras.<\/p>\n\n\n\n<p>El director invitado para este gran concierto sinf\u00f3nico coral es el Maestro Alejandro Bendersky.<\/p>\n\n\n\n<p><strong>Entradas<\/strong><\/p>\n\n\n\n<p>Las entradas, disponibles desde $10.600, se encuentran a la venta en&nbsp;<a href=\"https:\/\/4ue34.r.sp1-brevo.net\/mk\/cl\/f\/sh\/6rqJfgq8dIPRQNvBlUXKKiWFlcw\/GctoDHieirft\" target=\"_blank\" rel=\"noreferrer noopener\">weepas.ar<\/a>&nbsp;y en boleter\u00eda del teatro, San Juan 637, de lunes a s\u00e1bados de 9 a 13 hs y de 17 a 21 hs.<\/p>\n\n\n\n<p>Para clientes del BanCo con tarjetas de cr\u00e9dito Visa, pueden adquirirse con un 20% de reintegro y hasta en 3 cuotas sin inter\u00e9s.<\/p>\n","protected":false},"excerpt":{"rendered":"<p>El Instituto Superior de M\u00fasica \u201cProf. Carmelo H. de Biasi\u201d junto a la Orquesta Sinf\u00f3nica de Corrientes proponen esta velada de celebraci\u00f3n del D\u00eda de la M\u00fasica el jueves 20&hellip; <\/p>\n","protected":false},"author":8,"featured_media":235428,"comment_status":"closed","ping_status":"open","sticky":false,"template":"","format":"standard","meta":{"footnotes":""},"categories":[15,26],"tags":[],"class_list":["post-235427","post","type-post","status-publish","format-standard","has-post-thumbnail","hentry","category-cultura","category-destacados"],"_links":{"self":[{"href":"https:\/\/corrientesdetarde.com\/index.php\/wp-json\/wp\/v2\/posts\/235427","targetHints":{"allow":["GET"]}}],"collection":[{"href":"https:\/\/corrientesdetarde.com\/index.php\/wp-json\/wp\/v2\/posts"}],"about":[{"href":"https:\/\/corrientesdetarde.com\/index.php\/wp-json\/wp\/v2\/types\/post"}],"author":[{"embeddable":true,"href":"https:\/\/corrientesdetarde.com\/index.php\/wp-json\/wp\/v2\/users\/8"}],"replies":[{"embeddable":true,"href":"https:\/\/corrientesdetarde.com\/index.php\/wp-json\/wp\/v2\/comments?post=235427"}],"version-history":[{"count":1,"href":"https:\/\/corrientesdetarde.com\/index.php\/wp-json\/wp\/v2\/posts\/235427\/revisions"}],"predecessor-version":[{"id":235429,"href":"https:\/\/corrientesdetarde.com\/index.php\/wp-json\/wp\/v2\/posts\/235427\/revisions\/235429"}],"wp:featuredmedia":[{"embeddable":true,"href":"https:\/\/corrientesdetarde.com\/index.php\/wp-json\/wp\/v2\/media\/235428"}],"wp:attachment":[{"href":"https:\/\/corrientesdetarde.com\/index.php\/wp-json\/wp\/v2\/media?parent=235427"}],"wp:term":[{"taxonomy":"category","embeddable":true,"href":"https:\/\/corrientesdetarde.com\/index.php\/wp-json\/wp\/v2\/categories?post=235427"},{"taxonomy":"post_tag","embeddable":true,"href":"https:\/\/corrientesdetarde.com\/index.php\/wp-json\/wp\/v2\/tags?post=235427"}],"curies":[{"name":"wp","href":"https:\/\/api.w.org\/{rel}","templated":true}]}}