{"id":235430,"date":"2025-11-11T13:46:23","date_gmt":"2025-11-11T16:46:23","guid":{"rendered":"https:\/\/corrientesdetarde.com\/?p=235430"},"modified":"2025-11-11T13:46:29","modified_gmt":"2025-11-11T16:46:29","slug":"cipolletti-sera-sede-del-primer-congreso-provincial-sobre-agrimensura-y-catastro","status":"publish","type":"post","link":"https:\/\/corrientesdetarde.com\/index.php\/actualidad\/cipolletti-sera-sede-del-primer-congreso-provincial-sobre-agrimensura-y-catastro\/","title":{"rendered":"CIPOLLETTI SER\u00c1 SEDE DEL PRIMER CONGRESO PROVINCIAL SOBRE AGRIMENSURA Y CATASTRO"},"content":{"rendered":"\n<p>Este viernes 14 de noviembre se llevar\u00e1 a cabo en la ciudad de Cipolletti el \u201cPrimer Congreso Provincial sobre Agrimensura y Catastro\u201d, un encuentro que reunir\u00e1 a referentes del sector p\u00fablico, acad\u00e9mico y profesional para debatir los desaf\u00edos actuales de la disciplina y su proyecci\u00f3n a futuro.<\/p>\n\n\n\n<p>El evento, que ser\u00e1 en el Hotel Casino del R\u00edo y est\u00e1 organizado por la Gerencia de Catastro de la ART y el Consejo Profesional de Agrimensura (CPA), contar\u00e1 con la participaci\u00f3n de destacados especialistas a nivel nacional, entre ellos los Agrimensores Jorge Soria, presidente de la Federaci\u00f3n Argentina de Agrimensura (FADA), y Sergio Cimbaro, titular de la Academia Nacional de Agrimensura (ANA), quienes brindar\u00e1n conferencias centrales junto a reconocidos profesionales de distintas provincias, como tambi\u00e9n altos funcionarios provinciales y locales.<\/p>\n\n\n\n<p>El Agrimensor Marcelo Lupiano, Gerente de Catastro de R\u00edo Negro y uno de los impulsores de la iniciativa junto con el Agrimensor Claudio Isaac, presidente del CPA, describieron con agrado la gran expectativa generada por el Congreso entre profesionales de diversas disciplinas.<\/p>\n\n\n\n<p>\u201cEs una enorme satisfacci\u00f3n observar la cantidad de inscriptos que ya tenemos (casi 170), y que se siguen sumando. Se trata de un importante y trascendente Primer Congreso Rionegrino sobre Agrimensura y Catastro, que es s\u00f3lo un primer paso porque vamos por m\u00e1s\u201d, a\u00f1adieron.<\/p>\n\n\n\n<p>Por su parte, Lupiano destac\u00f3 el respaldo de las autoridades del Ministerio de Hacienda, la ART, el Consejo Profesional de Agrimensura (CPA) y de entidades nacionales como la FADA, la ANA, el Consejo Federal de Catastro (CFC), el Instituto Geogr\u00e1fico Nacional (IGN) y el CEPAC, adem\u00e1s del acompa\u00f1amiento de las autoridades de la Municipalidad de Cipolletti.<\/p>\n\n\n\n<p>\u201cEstos apoyos nos permiten concretar un espacio de intercambio profesional que fortalece la calidad y jerarqu\u00eda de la agrimensura, una profesi\u00f3n que cumple un rol esencial como servicio a la sociedad\u201d, subray\u00f3.<\/p>\n\n\n\n<p>El Congreso abordar\u00e1 cuatro ejes tem\u00e1ticos centrales: la mensura para la constituci\u00f3n del estado parcelario, la publicidad registral, la comunicaci\u00f3n catastral y la determinaci\u00f3n exacta de la ubicaci\u00f3n de la parcela en un sistema global.<\/p>\n\n\n\n<p>\u201cEstos temas \u2014explic\u00f3 Lupiano\u2014 resumen el objetivo principal del Catastro: garantizar un sistema registral s\u00f3lido y transparente que brinde seguridad jur\u00eddica y confianza en las transacciones inmobiliarias.\u201d<\/p>\n\n\n\n<p>Finalmente, destac\u00f3 la colaboraci\u00f3n de colegas locales en la organizaci\u00f3n y ampli\u00f3 la convocatoria para que sean parte de este Congreso intendentes de la zona y funcionarios municipales de Alto Valle.<\/p>\n\n\n\n<p>Con una gran expectativa, el Congreso Provincial sobre Agrimensura y Catastro se perfila como un hito para el desarrollo profesional y la planificaci\u00f3n territorial en R\u00edo Negro.<\/p>\n\n\n\n<p>Para inscripciones se encuentra disponible el siguiente link:<br>https:\/\/docs.google.com\/forms\/d\/e\/1FAIpQLScca1HwDKEJXeA5R0yI1altpwPe-MlloV0US5-QO3PXOMP1BA\/viewform<\/p>\n","protected":false},"excerpt":{"rendered":"<p>Este viernes 14 de noviembre se llevar\u00e1 a cabo en la ciudad de Cipolletti el \u201cPrimer Congreso Provincial sobre Agrimensura y Catastro\u201d, un encuentro que reunir\u00e1 a referentes del sector&hellip; <\/p>\n","protected":false},"author":11,"featured_media":235431,"comment_status":"closed","ping_status":"open","sticky":false,"template":"","format":"standard","meta":{"footnotes":""},"categories":[23],"tags":[],"class_list":["post-235430","post","type-post","status-publish","format-standard","has-post-thumbnail","hentry","category-actualidad"],"_links":{"self":[{"href":"https:\/\/corrientesdetarde.com\/index.php\/wp-json\/wp\/v2\/posts\/235430","targetHints":{"allow":["GET"]}}],"collection":[{"href":"https:\/\/corrientesdetarde.com\/index.php\/wp-json\/wp\/v2\/posts"}],"about":[{"href":"https:\/\/corrientesdetarde.com\/index.php\/wp-json\/wp\/v2\/types\/post"}],"author":[{"embeddable":true,"href":"https:\/\/corrientesdetarde.com\/index.php\/wp-json\/wp\/v2\/users\/11"}],"replies":[{"embeddable":true,"href":"https:\/\/corrientesdetarde.com\/index.php\/wp-json\/wp\/v2\/comments?post=235430"}],"version-history":[{"count":1,"href":"https:\/\/corrientesdetarde.com\/index.php\/wp-json\/wp\/v2\/posts\/235430\/revisions"}],"predecessor-version":[{"id":235432,"href":"https:\/\/corrientesdetarde.com\/index.php\/wp-json\/wp\/v2\/posts\/235430\/revisions\/235432"}],"wp:featuredmedia":[{"embeddable":true,"href":"https:\/\/corrientesdetarde.com\/index.php\/wp-json\/wp\/v2\/media\/235431"}],"wp:attachment":[{"href":"https:\/\/corrientesdetarde.com\/index.php\/wp-json\/wp\/v2\/media?parent=235430"}],"wp:term":[{"taxonomy":"category","embeddable":true,"href":"https:\/\/corrientesdetarde.com\/index.php\/wp-json\/wp\/v2\/categories?post=235430"},{"taxonomy":"post_tag","embeddable":true,"href":"https:\/\/corrientesdetarde.com\/index.php\/wp-json\/wp\/v2\/tags?post=235430"}],"curies":[{"name":"wp","href":"https:\/\/api.w.org\/{rel}","templated":true}]}}