{"id":235439,"date":"2025-11-11T14:31:15","date_gmt":"2025-11-11T17:31:15","guid":{"rendered":"https:\/\/corrientesdetarde.com\/?p=235439"},"modified":"2025-11-11T14:31:27","modified_gmt":"2025-11-11T17:31:27","slug":"wanda-nara-a-punto-de-firmar-la-paz-con-mauro-icardi-la-foto-que-revoluciono-las-redes","status":"publish","type":"post","link":"https:\/\/corrientesdetarde.com\/index.php\/espectaculos\/wanda-nara-a-punto-de-firmar-la-paz-con-mauro-icardi-la-foto-que-revoluciono-las-redes\/","title":{"rendered":"Wanda Nara, a punto de firmar la paz con Mauro Icardi: la foto que revolucion\u00f3 las redes"},"content":{"rendered":"\n<p>La conductora hizo un particular posteo que sembr\u00f3 esperanzas entre sus seguidores.<\/p>\n\n\n\n<p><strong>Mauro Icardi\u00a0se reencontrar\u00e1 con sus hijas<\/strong>\u00a0este martes por la tarde y la expectativa es enorme en las redes sociales, donde muchos usuarios esperan una foto o los detalles del esc\u00e1ndalo en caso de que\u00a0<strong>Wanda Nara<\/strong>\u00a0ponga palos en la rueda. Sin embargo, la conductora call\u00f3 a todos sus detractores con una foto que\u00a0<strong>podr\u00eda marcar el inicio de una tregua con su ex.<\/strong><\/p>\n\n\n\n<p>En Instagram, la rubia mostr\u00f3 c\u00f3mo les arm\u00f3 las valijas a las chicas y lanz\u00f3 un mensaje de buenos deseos. \u201cQue la pasen hermoso.&nbsp;<strong>Las amo infinito<\/strong>\u201d, escribi\u00f3 ilusionada y con la esperanza de que esta vez no haya l\u00edos con&nbsp;<strong>la China Su\u00e1rez<\/strong>, a quien las peque\u00f1as no querr\u00edan ver.<\/p>\n\n\n\n<p>Mientras que muchos cre\u00edan que Icardi buscar\u00eda a sus hijas en el colegio a las 11 de la ma\u00f1ana, Laura Ubfal se\u00f1al\u00f3 que el cara a cara se dar\u00eda a las 14.<\/p>\n\n\n\n<figure class=\"wp-block-image\"><img decoding=\"async\" src=\"https:\/\/tn.com.ar\/resizer\/v2\/wanda-nara-les-preparo-las-valijas-a-sus-hijas-para-que-se-vayan-con-mauro-icardi-un-guino-de-paz-foto-instagramwandanara-52MYQAH5RNBL7OFOJUKJDD2MIM.jpeg?auth=9e8fc3a06a4ce79028c07998d75703e9767494f13612861d866d603cd2c46d54&amp;width=767\" alt=\"Wanda Nara les prepar\u00f3 las valijas a sus hijas para que se vayan con Mauro Icardi. \u00bfUn gui\u00f1o de paz? (Foto: instagram\/wanda_nara)\"\/><\/figure>\n\n\n\n<h2 class=\"wp-block-heading\">Maxi Lopez cont\u00f3 un dato privado y avergonzante de Wanda Nara<\/h2>\n\n\n\n<p><strong>Maxi L\u00f3pez y Wanda Nara\u00a0<\/strong>volvieron a coincidir en una entrevista despu\u00e9s de muchos a\u00f1os. Aceptaron ir al programa de Grego Rossell\u00f3 y se tiraron dardos, aunque el exjugador fue m\u00e1s picante con sus declaraciones. Luego de hablar de la separaci\u00f3n de bienes, sac\u00f3 a la luz\u00a0<strong>un dato personal y vergonzante de la conductora que dej\u00f3 en shock a los fans de ambos.<\/strong><\/p>\n\n\n\n<p>El participante de&nbsp;<em>MasterChef Celebrity (Telefe)&nbsp;<\/em>desliz\u00f3 que la mam\u00e1 de sus hijos no siempre fue una diva como en el presente.&nbsp;<strong>\u201c\u00bfTe acord\u00e1s cu\u00e1ndo llegaste a Rusia? Zapatillas y valija rota.<\/strong>&nbsp;Me pregunt\u00e9 de d\u00f3nde ven\u00eda. Yo la recib\u00ed con flores. Empezamos a recorrer un par de locales porque ten\u00eda una princesa cascoteada en ese momento. \u00a1Mir\u00e1 ahora!\u201c, exclam\u00f3, y ella no se qued\u00f3 callada. \u201dSoy una princesa que se construy\u00f3 su propio castillo&#8221;, contest\u00f3.<\/p>\n\n\n\n<figure class=\"wp-block-image\"><img decoding=\"async\" src=\"https:\/\/tn.com.ar\/resizer\/v2\/maxi-lopez-y-wanda-nara-dieron-una-entrevista-juntos-despues-de-muchos-anos-foto-xgregorossello-G7YXHRZYB5AS3G6WAQCNRCAWGQ.jfif?auth=cc111261c0c1c5c6e1c6a03f5816be2f0f6cad6bd763eba70728c2a016d8d89f&amp;width=767\" alt=\"Maxi L\u00f3pez y Wanda Nara dieron una entrevista juntos despu\u00e9s de muchos a\u00f1os. (Foto: X\/gregorossello)\"\/><\/figure>\n\n\n\n<p>L\u00f3pez tambi\u00e9n ventil\u00f3 el peor defecto de Nara y la dej\u00f3 mal parada con Mart\u00edn Migueles, su nueva pareja: \u201c\u00c9l es copado. Es grandote. Me invit\u00f3 a un asado el otro d\u00eda, lo conozco poco, pero veo c\u00f3mo se porta con mis pibes y las nenas. Es un pibe de barrio&#8230; y bueno,&nbsp;<strong>\u00a1para fumarse a Wanda! Tiene medio cielo para \u00e9l, porque ella es una intensidad&#8221;.<\/strong><\/p>\n","protected":false},"excerpt":{"rendered":"<p>La conductora hizo un particular posteo que sembr\u00f3 esperanzas entre sus seguidores. Mauro Icardi\u00a0se reencontrar\u00e1 con sus hijas\u00a0este martes por la tarde y la expectativa es enorme en las redes&hellip; <\/p>\n","protected":false},"author":8,"featured_media":235440,"comment_status":"closed","ping_status":"open","sticky":false,"template":"","format":"standard","meta":{"footnotes":""},"categories":[19],"tags":[],"class_list":["post-235439","post","type-post","status-publish","format-standard","has-post-thumbnail","hentry","category-espectaculos"],"_links":{"self":[{"href":"https:\/\/corrientesdetarde.com\/index.php\/wp-json\/wp\/v2\/posts\/235439","targetHints":{"allow":["GET"]}}],"collection":[{"href":"https:\/\/corrientesdetarde.com\/index.php\/wp-json\/wp\/v2\/posts"}],"about":[{"href":"https:\/\/corrientesdetarde.com\/index.php\/wp-json\/wp\/v2\/types\/post"}],"author":[{"embeddable":true,"href":"https:\/\/corrientesdetarde.com\/index.php\/wp-json\/wp\/v2\/users\/8"}],"replies":[{"embeddable":true,"href":"https:\/\/corrientesdetarde.com\/index.php\/wp-json\/wp\/v2\/comments?post=235439"}],"version-history":[{"count":1,"href":"https:\/\/corrientesdetarde.com\/index.php\/wp-json\/wp\/v2\/posts\/235439\/revisions"}],"predecessor-version":[{"id":235441,"href":"https:\/\/corrientesdetarde.com\/index.php\/wp-json\/wp\/v2\/posts\/235439\/revisions\/235441"}],"wp:featuredmedia":[{"embeddable":true,"href":"https:\/\/corrientesdetarde.com\/index.php\/wp-json\/wp\/v2\/media\/235440"}],"wp:attachment":[{"href":"https:\/\/corrientesdetarde.com\/index.php\/wp-json\/wp\/v2\/media?parent=235439"}],"wp:term":[{"taxonomy":"category","embeddable":true,"href":"https:\/\/corrientesdetarde.com\/index.php\/wp-json\/wp\/v2\/categories?post=235439"},{"taxonomy":"post_tag","embeddable":true,"href":"https:\/\/corrientesdetarde.com\/index.php\/wp-json\/wp\/v2\/tags?post=235439"}],"curies":[{"name":"wp","href":"https:\/\/api.w.org\/{rel}","templated":true}]}}