{"id":235442,"date":"2025-11-11T14:37:49","date_gmt":"2025-11-11T17:37:49","guid":{"rendered":"https:\/\/corrientesdetarde.com\/?p=235442"},"modified":"2025-11-11T14:38:06","modified_gmt":"2025-11-11T17:38:06","slug":"messi-reitero-su-deseo-de-jugar-el-mundial-2026-pero-advirtio-no-quiero-ser-una-carga","status":"publish","type":"post","link":"https:\/\/corrientesdetarde.com\/index.php\/deportes\/messi-reitero-su-deseo-de-jugar-el-mundial-2026-pero-advirtio-no-quiero-ser-una-carga\/","title":{"rendered":"Messi reiter\u00f3 su deseo de jugar el Mundial 2026, pero advirti\u00f3: \u201cNo quiero ser una carga\u201d"},"content":{"rendered":"\n<p>El capit\u00e1n argentino analiz\u00f3 su futuro en la Selecci\u00f3n, dijo que sigue ilusionado con la Copa del Mundo, aunque advirti\u00f3 que depender\u00e1 de c\u00f3mo llegue f\u00edsicamente.<\/p>\n\n\n\n<p><strong>Lionel Messi<\/strong>\u00a0dio una entrevista exclusiva al diario\u00a0<em>Sport<\/em>\u00a0de Barcelona y lanz\u00f3 una sopresiva declaraci\u00f3n de cara al\u00a0<strong>Mundial 2026<\/strong>\u00a0con la Selecci\u00f3n Argentina, con la que aclar\u00f3\u00a0<strong>que no quiere sentirse una carga para el plantel.<\/strong>\u00a0El capit\u00e1n albiceleste reconoci\u00f3 que su deseo est\u00e1 intacto, aunque tambi\u00e9n puso el foco en su estado f\u00edsico y en la exigencia que supone llegar en plenitud a una cita de esa magnitud.<\/p>\n\n\n\n<p><strong>\u201cNo quiero ser, entre comillas, una carga. Me quiero sentir bien f\u00edsicamente, estar seguro de que puedo ayudar y aportar cosas al grupo, al plantel.<\/strong>&nbsp;Un Mundial especial y m\u00e1s despu\u00e9s de haberlo ganado\u201d, indic\u00f3 el rosarino.<\/p>\n\n\n\n<figure class=\"wp-block-image\"><img decoding=\"async\" src=\"https:\/\/tn.com.ar\/resizer\/v2\/no-quiero-ser-entre-comillas-una-carga-me-quiero-sentir-bien-fisicamente-estar-seguro-de-que-puedo-ayudar-y-aportar-cosas-al-grupo-al-plantel-un-mundial-especial-y-mas-despues-de-haberlo-ganado-indico-el-rosarino-reuters-R5ZW7XQSFUZSWVZAT4CTSA4DEY.jpg?auth=69fb9f6d0bc73430201c697e7cc394d05c4228638c4f3470fb89555566b16d91&amp;width=767\" alt=\"\u201cNo quiero ser, entre comillas, una carga. Me quiero sentir bien f\u00edsicamente, estar seguro de que puedo ayudar y aportar cosas al grupo, al plantel. Un Mundial especial y m\u00e1s despu\u00e9s de haberlo ganado\u201d, indic\u00f3 el rosarino. (Reuters)\"\/><\/figure>\n\n\n\n<p>Adem\u00e1s, explic\u00f3 que su preparaci\u00f3n en Inter Miami es diferente a la de los jugadores que compiten en Europa, y que eso tambi\u00e9n influir\u00e1 en su decisi\u00f3n.&nbsp;<strong>\u201cNuestra temporada es distinta.<\/strong>&nbsp;Vamos a tener una pretemporada de por medio y pocos partidos hasta llegar a la fecha del Mundial.&nbsp;<strong>Hay que ver el d\u00eda a d\u00eda si realmente me siento bien f\u00edsicamente para estar como a m\u00ed me gustar\u00eda estar y poder participar<\/strong>\u201d, detall\u00f3.<\/p>\n\n\n\n<p>Aun con prudencia, Messi dej\u00f3 en claro que sigue ilusionado con la posibilidad de jugar otro Mundial: \u201cObviamente soy consciente de que es un Mundial y es especial, lo m\u00e1s grande que hay a nivel de competencia. Estoy ilusionado, pero lo llevo con el d\u00eda a d\u00eda\u201d, finaliz\u00f3.<\/p>\n\n\n\n<figure class=\"wp-block-image\"><img decoding=\"async\" src=\"https:\/\/tn.com.ar\/resizer\/v2\/en-base-a-las-declaraciones-de-la-pulga-la-decision-se-conocera-entre-enero-y-febrero-de-2026-las-fechas-coinciden-con-la-previa-de-la-ultima-fecha-fifa-antes-del-mundial-donde-existe-la-posibilidad-de-que-argentina-se-mida-con-espana-en-la-finalissima-foto-efe-juan-ignacio-roncoroni-LZSDUJOIPRD2LN4ZJYD42FPEDY.jpg?auth=e6ca6a32f6de2983d27ad513f0af1aa36c6b42b4b46caa7020572c622e2abe5d&amp;width=767\" alt=\"En base a las declaraciones de la Pulga,\u00a0la decisi\u00f3n se conocer\u00e1 entre enero y febrero de 2026. Las fechas coinciden con la previa de la \u00faltima fecha FIFA antes del Mundial, donde existe la posibilidad de que Argentina se mida con Espa\u00f1a en la Finalissima. (Foto: EFE\/ Juan Ignacio Roncoroni)\"\/><\/figure>\n\n\n\n<p>En base a las declaraciones de la Pulga,&nbsp;<strong>la decisi\u00f3n se conocer\u00e1 entre enero y febrero de 2026<\/strong>. Las fechas coinciden con la previa de la \u00faltima fecha FIFA antes del Mundial, donde existe la posibilidad de que Argentina se mida con Espa\u00f1a en la Finalissima.<\/p>\n\n\n\n<p>Por otro lado,&nbsp;<strong>Messi acaba de hacer p\u00fablica la renovaci\u00f3n de su contrato con el Inter Miami hasta 2028.&nbsp;<\/strong>La noticia ilusion\u00f3 a los fan\u00e1ticos de la Albiceleste pensando en el futuro de los campeones del mundo. El astro rosarino podr\u00eda prolongar su carrera hasta los 41 a\u00f1os de edad, pero avis\u00f3 que evaluar\u00e1 su estado f\u00edsico d\u00eda tras d\u00eda.<\/p>\n\n\n\n<p><\/p>\n","protected":false},"excerpt":{"rendered":"<p>El capit\u00e1n argentino analiz\u00f3 su futuro en la Selecci\u00f3n, dijo que sigue ilusionado con la Copa del Mundo, aunque advirti\u00f3 que depender\u00e1 de c\u00f3mo llegue f\u00edsicamente. Lionel Messi\u00a0dio una entrevista&hellip; <\/p>\n","protected":false},"author":8,"featured_media":235443,"comment_status":"closed","ping_status":"open","sticky":false,"template":"","format":"standard","meta":{"footnotes":""},"categories":[4,26],"tags":[],"class_list":["post-235442","post","type-post","status-publish","format-standard","has-post-thumbnail","hentry","category-deportes","category-destacados"],"_links":{"self":[{"href":"https:\/\/corrientesdetarde.com\/index.php\/wp-json\/wp\/v2\/posts\/235442","targetHints":{"allow":["GET"]}}],"collection":[{"href":"https:\/\/corrientesdetarde.com\/index.php\/wp-json\/wp\/v2\/posts"}],"about":[{"href":"https:\/\/corrientesdetarde.com\/index.php\/wp-json\/wp\/v2\/types\/post"}],"author":[{"embeddable":true,"href":"https:\/\/corrientesdetarde.com\/index.php\/wp-json\/wp\/v2\/users\/8"}],"replies":[{"embeddable":true,"href":"https:\/\/corrientesdetarde.com\/index.php\/wp-json\/wp\/v2\/comments?post=235442"}],"version-history":[{"count":1,"href":"https:\/\/corrientesdetarde.com\/index.php\/wp-json\/wp\/v2\/posts\/235442\/revisions"}],"predecessor-version":[{"id":235444,"href":"https:\/\/corrientesdetarde.com\/index.php\/wp-json\/wp\/v2\/posts\/235442\/revisions\/235444"}],"wp:featuredmedia":[{"embeddable":true,"href":"https:\/\/corrientesdetarde.com\/index.php\/wp-json\/wp\/v2\/media\/235443"}],"wp:attachment":[{"href":"https:\/\/corrientesdetarde.com\/index.php\/wp-json\/wp\/v2\/media?parent=235442"}],"wp:term":[{"taxonomy":"category","embeddable":true,"href":"https:\/\/corrientesdetarde.com\/index.php\/wp-json\/wp\/v2\/categories?post=235442"},{"taxonomy":"post_tag","embeddable":true,"href":"https:\/\/corrientesdetarde.com\/index.php\/wp-json\/wp\/v2\/tags?post=235442"}],"curies":[{"name":"wp","href":"https:\/\/api.w.org\/{rel}","templated":true}]}}