{"id":235568,"date":"2025-11-12T14:47:47","date_gmt":"2025-11-12T17:47:47","guid":{"rendered":"https:\/\/corrientesdetarde.com\/?p=235568"},"modified":"2025-11-12T14:48:00","modified_gmt":"2025-11-12T17:48:00","slug":"el-vicegobernador-celebro-el-compromiso-con-la-restauracion-ecologica","status":"publish","type":"post","link":"https:\/\/corrientesdetarde.com\/index.php\/eventossociedad\/el-vicegobernador-celebro-el-compromiso-con-la-restauracion-ecologica\/","title":{"rendered":"El Vicegobernador celebr\u00f3 el compromiso con la restauraci\u00f3n ecol\u00f3gica"},"content":{"rendered":"\n<p>Encuentro Nacional de Restauraci\u00f3n Ecol\u00f3gica de Argentina<\/p>\n\n\n\n<p>Este mi\u00e9rcoles se llev\u00f3 a cabo la apertura del IV Encuentro Nacional de Restauraci\u00f3n Ecol\u00f3gica de Argentina (ENREA 2025) en la Facultad de Ciencias Exactas y Naturales y Agrimensura de la Universidad Nacional del Nordeste. El espacio favorecer\u00e1 el intercambio de conocimientos y experiencias centrados en la restauraci\u00f3n de ecosistemas degradados, la conservaci\u00f3n de la biodiversidad y la mitigaci\u00f3n del cambio clim\u00e1tico.<\/p>\n\n\n\n<p>El vicegobernador Pedro Braillard Poccard encabez\u00f3, junto con el vicedecano de la Facultad Dr. Enrique Rafael Laffont; la representante del Nodo Chaco Corrientes de la Red Nacional de Restauraci\u00f3n ecol\u00f3gica Patricia Zelaya, la inauguraci\u00f3n del evento que se desarrollar\u00e1 del 12 al 15 de noviembre.<\/p>\n\n\n\n<p>Este evento, est\u00e1 organizado por la Red Argentina de Restauraci\u00f3n Ecol\u00f3gica (REA) con el apoyo de la Universidad, el Gobierno de Corrientes y diversas organizaciones ambientales y cient\u00edficas del pa\u00eds.<\/p>\n\n\n\n<p>Durante el acto de inauguraci\u00f3n, el Vicedecano destac\u00f3 que este evento constituye \u201cuna oportunidad invaluable para sumar esfuerzos y fortalecer los procesos de restauraci\u00f3n de los sistemas ecol\u00f3gicos degradados, promoviendo un di\u00e1logo abierto entre la ciencia, la gesti\u00f3n y las comunidades\u201d.<\/p>\n\n\n\n<p>Con este encuentro \u201cel Nordeste se consolida como un escenario clave para impulsar la cooperaci\u00f3n y el aprendizaje colectivo en torno a la restauraci\u00f3n ecol\u00f3gica y la sostenibilidad ambiental\u201d se\u00f1al\u00f3. En tanto, la representante del Nodo Chaco Corrientes, agradeci\u00f3 \u201cal Comit\u00e9 organizador por el compromiso y trabajo realizado para lograr la realizaci\u00f3n del simposio\u201d.<\/p>\n\n\n\n<p>Por su parte al dirigirse a los presentes, el Vicegobernador destac\u00f3: \u201cEl valioso trabajo que implic\u00f3 la organizaci\u00f3n del evento y el compromiso institucional y social que lo hizo posible\u201d.<\/p>\n\n\n\n<p>En sus palabras, subray\u00f3 que: \u201cEste encuentro refleja una actitud generosa y solidaria por parte de quienes investigan, trabajan y transmiten conocimiento. Celebro, adem\u00e1s, la amplia participaci\u00f3n de estudiantes en un espacio acad\u00e9mico de la Universidad Nacional del Nordeste (UNNE). Me da una gran alegr\u00eda ver c\u00f3mo nuestra universidad asume un compromiso concreto con la sociedad, contribuyendo al desarrollo sostenible de la regi\u00f3n\u201d afirm\u00f3.<br>Asimismo, Braillard Poccard resalt\u00f3 \u201cla importancia del apoyo y la colaboraci\u00f3n entre distintos sectores, superando actitudes individualistas para fortalecer los lazos que permiten avanzar en la restauraci\u00f3n de los ecosistemas degradados\u201d.<\/p>\n\n\n\n<p>Record\u00f3 tambi\u00e9n \u201clos a\u00f1os en que la fauna aut\u00f3ctona de la regi\u00f3n iba perdiendo su existencia\u201d, y valor\u00f3 \u201cel aporte conjunto de las organizaciones no gubernamentales, el gobierno y la comunidad cient\u00edfica en el esfuerzo por recuperar especies en peligro de extinci\u00f3n\u201d.<\/p>\n\n\n\n<p>Finalmente, felicit\u00f3 a los investigadores y docentes de la UNNE \u201cpor su dedicaci\u00f3n, por el trabajo sostenido y por la transmisi\u00f3n de conocimiento a las nuevas generaciones\u201d, destacando que a\u00fan estamos a tiempo de actuar y de fortalecer, con la participaci\u00f3n de todos, el compromiso con la naturaleza y el futuro com\u00fan.<\/p>\n\n\n\n<p>El encuentro se realizar\u00e1 en paralelo con el II Simposio Internacional de Pr\u00e1cticas de Restauraci\u00f3n Ecol\u00f3gica, y nuclear\u00e1 a investigadores, profesionales, estudiantes y representantes de organizaciones nacionales e internacionales.<\/p>\n\n\n\n<figure class=\"wp-block-image size-large\"><img loading=\"lazy\" decoding=\"async\" width=\"1024\" height=\"682\" src=\"https:\/\/corrientesdetarde.com\/wp-content\/uploads\/2025\/11\/WhatsApp-Image-2025-11-12-at-13.40.23-1024x682.jpeg\" alt=\"\" class=\"wp-image-235570\" srcset=\"https:\/\/corrientesdetarde.com\/wp-content\/uploads\/2025\/11\/WhatsApp-Image-2025-11-12-at-13.40.23-1024x682.jpeg 1024w, https:\/\/corrientesdetarde.com\/wp-content\/uploads\/2025\/11\/WhatsApp-Image-2025-11-12-at-13.40.23-300x200.jpeg 300w, https:\/\/corrientesdetarde.com\/wp-content\/uploads\/2025\/11\/WhatsApp-Image-2025-11-12-at-13.40.23-768x512.jpeg 768w, https:\/\/corrientesdetarde.com\/wp-content\/uploads\/2025\/11\/WhatsApp-Image-2025-11-12-at-13.40.23-1536x1023.jpeg 1536w, https:\/\/corrientesdetarde.com\/wp-content\/uploads\/2025\/11\/WhatsApp-Image-2025-11-12-at-13.40.23.jpeg 1600w\" sizes=\"auto, (max-width: 1024px) 100vw, 1024px\" \/><\/figure>\n\n\n\n<figure class=\"wp-block-image size-large\"><img loading=\"lazy\" decoding=\"async\" width=\"1024\" height=\"683\" src=\"https:\/\/corrientesdetarde.com\/wp-content\/uploads\/2025\/11\/WhatsApp-Image-2025-11-12-at-13.40.23-1-1024x683.jpeg\" alt=\"\" class=\"wp-image-235571\" srcset=\"https:\/\/corrientesdetarde.com\/wp-content\/uploads\/2025\/11\/WhatsApp-Image-2025-11-12-at-13.40.23-1-1024x683.jpeg 1024w, https:\/\/corrientesdetarde.com\/wp-content\/uploads\/2025\/11\/WhatsApp-Image-2025-11-12-at-13.40.23-1-300x200.jpeg 300w, https:\/\/corrientesdetarde.com\/wp-content\/uploads\/2025\/11\/WhatsApp-Image-2025-11-12-at-13.40.23-1-768x512.jpeg 768w, https:\/\/corrientesdetarde.com\/wp-content\/uploads\/2025\/11\/WhatsApp-Image-2025-11-12-at-13.40.23-1-1536x1024.jpeg 1536w, https:\/\/corrientesdetarde.com\/wp-content\/uploads\/2025\/11\/WhatsApp-Image-2025-11-12-at-13.40.23-1.jpeg 1543w\" sizes=\"auto, (max-width: 1024px) 100vw, 1024px\" \/><\/figure>\n\n\n\n<figure class=\"wp-block-image size-large\"><img loading=\"lazy\" decoding=\"async\" width=\"1024\" height=\"682\" src=\"https:\/\/corrientesdetarde.com\/wp-content\/uploads\/2025\/11\/WhatsApp-Image-2025-11-12-at-13.40.23-2-1024x682.jpeg\" alt=\"\" class=\"wp-image-235572\" srcset=\"https:\/\/corrientesdetarde.com\/wp-content\/uploads\/2025\/11\/WhatsApp-Image-2025-11-12-at-13.40.23-2-1024x682.jpeg 1024w, https:\/\/corrientesdetarde.com\/wp-content\/uploads\/2025\/11\/WhatsApp-Image-2025-11-12-at-13.40.23-2-300x200.jpeg 300w, https:\/\/corrientesdetarde.com\/wp-content\/uploads\/2025\/11\/WhatsApp-Image-2025-11-12-at-13.40.23-2-768x512.jpeg 768w, https:\/\/corrientesdetarde.com\/wp-content\/uploads\/2025\/11\/WhatsApp-Image-2025-11-12-at-13.40.23-2-1536x1023.jpeg 1536w, https:\/\/corrientesdetarde.com\/wp-content\/uploads\/2025\/11\/WhatsApp-Image-2025-11-12-at-13.40.23-2.jpeg 1600w\" sizes=\"auto, (max-width: 1024px) 100vw, 1024px\" \/><\/figure>\n","protected":false},"excerpt":{"rendered":"<p>Encuentro Nacional de Restauraci\u00f3n Ecol\u00f3gica de Argentina Este mi\u00e9rcoles se llev\u00f3 a cabo la apertura del IV Encuentro Nacional de Restauraci\u00f3n Ecol\u00f3gica de Argentina (ENREA 2025) en la Facultad de&hellip; <\/p>\n","protected":false},"author":8,"featured_media":235569,"comment_status":"closed","ping_status":"open","sticky":false,"template":"","format":"standard","meta":{"footnotes":""},"categories":[1208],"tags":[],"class_list":["post-235568","post","type-post","status-publish","format-standard","has-post-thumbnail","hentry","category-eventossociedad"],"_links":{"self":[{"href":"https:\/\/corrientesdetarde.com\/index.php\/wp-json\/wp\/v2\/posts\/235568","targetHints":{"allow":["GET"]}}],"collection":[{"href":"https:\/\/corrientesdetarde.com\/index.php\/wp-json\/wp\/v2\/posts"}],"about":[{"href":"https:\/\/corrientesdetarde.com\/index.php\/wp-json\/wp\/v2\/types\/post"}],"author":[{"embeddable":true,"href":"https:\/\/corrientesdetarde.com\/index.php\/wp-json\/wp\/v2\/users\/8"}],"replies":[{"embeddable":true,"href":"https:\/\/corrientesdetarde.com\/index.php\/wp-json\/wp\/v2\/comments?post=235568"}],"version-history":[{"count":1,"href":"https:\/\/corrientesdetarde.com\/index.php\/wp-json\/wp\/v2\/posts\/235568\/revisions"}],"predecessor-version":[{"id":235573,"href":"https:\/\/corrientesdetarde.com\/index.php\/wp-json\/wp\/v2\/posts\/235568\/revisions\/235573"}],"wp:featuredmedia":[{"embeddable":true,"href":"https:\/\/corrientesdetarde.com\/index.php\/wp-json\/wp\/v2\/media\/235569"}],"wp:attachment":[{"href":"https:\/\/corrientesdetarde.com\/index.php\/wp-json\/wp\/v2\/media?parent=235568"}],"wp:term":[{"taxonomy":"category","embeddable":true,"href":"https:\/\/corrientesdetarde.com\/index.php\/wp-json\/wp\/v2\/categories?post=235568"},{"taxonomy":"post_tag","embeddable":true,"href":"https:\/\/corrientesdetarde.com\/index.php\/wp-json\/wp\/v2\/tags?post=235568"}],"curies":[{"name":"wp","href":"https:\/\/api.w.org\/{rel}","templated":true}]}}