{"id":235574,"date":"2025-11-12T14:54:38","date_gmt":"2025-11-12T17:54:38","guid":{"rendered":"https:\/\/corrientesdetarde.com\/?p=235574"},"modified":"2025-11-12T14:54:50","modified_gmt":"2025-11-12T17:54:50","slug":"tras-la-baja-del-g20-el-gobierno-anticipo-que-milei-tampoco-estara-en-la-cumbre-de-lideres-del-mercosur","status":"publish","type":"post","link":"https:\/\/corrientesdetarde.com\/index.php\/politica\/tras-la-baja-del-g20-el-gobierno-anticipo-que-milei-tampoco-estara-en-la-cumbre-de-lideres-del-mercosur\/","title":{"rendered":"Tras la baja del G20, el Gobierno anticip\u00f3 que Milei tampoco estar\u00e1 en la cumbre de l\u00edderes del Mercosur"},"content":{"rendered":"\n<p>La Canciller\u00eda le inform\u00f3 la decisi\u00f3n a Brasil, pa\u00eds organizador de la reuni\u00f3n, a la que tampoco asistir\u00e1 el mandatario de Paraguay, Santiago Pe\u00f1a. El encuentro puede ser clave por el acuerdo de libre comercio con la Uni\u00f3n Europea.<a href=\"https:\/\/tn.com.ar\/autor\/gbanez\/\"><\/a><\/p>\n\n\n\n<p>La Canciller\u00eda le inform\u00f3 formalmente a Brasil que el presidente\u00a0<strong>Javier Milei<\/strong>\u00a0<strong>no estar\u00e1 disponible\u00a0<\/strong>para viajar a Foz de Iguaz\u00fa el 20 de diciembre, fecha que Brasil puso para realizar\u00a0<strong>la cumbre de l\u00edderes del Mercosur.<\/strong><\/p>\n\n\n\n<p>La confirmaci\u00f3n lleg\u00f3 a trav\u00e9s de un mensaje oficial enviado mediante la Canciller\u00eda argentina ante la notificaci\u00f3n de las fechas por parte de<strong>&nbsp;Itamaraty,<\/strong>&nbsp;la Canciller\u00eda brasile\u00f1a. Brasil tiene la presidencia pro tempore del bloque hasta fin de a\u00f1o para luego pas\u00e1rsela a Paraguay.<\/p>\n\n\n\n<p>Muchos hab\u00edan especulado con la posibilidad de que Milei<strong>&nbsp;participara o no en esta cumbre,<\/strong>&nbsp;que puede ser clave para cerrar definitivamente las negociaciones o el acuerdo de libre comercio entre la Uni\u00f3n Europea y el Mercosur.<\/p>\n\n\n\n<p>Pudo saber que se hab\u00edan barajado distintas opciones de fecha. Inclusive las primeras propuestas por Brasil apuntaban m\u00e1s hacia inicios de diciembre, pero las dificultades en avanzar las negociaciones con Bruselas la hicieron correr hacia finales del mes.<\/p>\n\n\n\n<p>La decisi\u00f3n de la Argentina\u00a0<strong>acompa\u00f1a tambi\u00e9n a la de Paraguay,<\/strong>\u00a0ya que el presidente paraguayo\u00a0<strong>Santiago Pe\u00f1a\u00a0tampoco estar\u00e1 presente<\/strong>\u00a0en la cumbre organizada por Lula, hasta el d\u00eda de hoy. Todav\u00eda queda\u00a0<strong>m\u00e1s de un mes de negociaci\u00f3n<\/strong>\u00a0y hay posibilidad de que esta situaci\u00f3n se revierta, pero la informaci\u00f3n oficial enviada tanto por Argentina como Paraguay indican que\u00a0<strong>ninguno de los dos participar\u00e1n.<\/strong><\/p>\n\n\n\n<p>Seg\u00fan pudo saber\u00a0<strong>\u00a0<\/strong>de las distintas canciller\u00edas de la regi\u00f3n, la decisi\u00f3n de Paraguay y la Argentina responde a una\u00a0<strong>puja\u00a0<\/strong>que existe entre Brasilia y Asunci\u00f3n por el lapso y el lugar en donde se termina concretando la firma del acuerdo con la Uni\u00f3n Europea. Tambi\u00e9n hay una\u00a0<strong>cuesti\u00f3n ideol\u00f3gica<\/strong>\u00a0en cuanto a la relaci\u00f3n entre Milei y Pe\u00f1a con Lula, que se le suma ahora el presidente de Bolivia,\u00a0<strong>Rodrigo Paz,<\/strong>\u00a0que tendr\u00e1 una cercan\u00eda mucho m\u00e1s marcada con ambos mandatarios que con el brasile\u00f1o.<\/p>\n\n\n\n<h2 class=\"wp-block-heading\">Javier Milei se baj\u00f3 de la cumbre del G20 en una muestra de apoyo al boicot impulsado por Donald Trump<\/h2>\n\n\n\n<p>Como anticip\u00f3\u00a0,\u00a0Milei se baj\u00f3 de\u00a0<strong>la cumbre del G20 en Sud\u00e1frica<\/strong>\u00a0y se sum\u00f3 al\u00a0<strong>boicot\u00a0<\/strong>de su par de Estados Unidos\u00a0<strong>Donald Trump,<\/strong>\u00a0en un nuevo gesto de\u00a0<strong>alineamiento\u00a0<\/strong>a Washington. El Gobierno enviar\u00e1 al canciller\u00a0<strong>Pablo Quirno<\/strong>\u00a0a la reuni\u00f3n de los 20 pa\u00edses m\u00e1s desarrollados del mundo, que se har\u00e1 del 22 al 23 de noviembre en Johannesburgo.<\/p>\n\n\n\n<p>Desde el \u00faltimo mes se hab\u00edan multiplicado las voces que ped\u00edan -por lo bajo-&nbsp;<strong>la participaci\u00f3n<\/strong>&nbsp;de Milei en la cumbre, como muestra de respaldo a una de<strong>&nbsp;las instituciones multilaterales m\u00e1s importantes del mundo.<\/strong><\/p>\n\n\n\n<p>Sin embargo, el l\u00edder libertario sigui\u00f3 los pasos de su par de Estados Unidos, que ya hab\u00eda anticipado desde hace meses que&nbsp;<strong>no participar\u00eda<\/strong>&nbsp;de la m\u00e1xima reuni\u00f3n de mandatarios a nivel global.<\/p>\n","protected":false},"excerpt":{"rendered":"<p>La Canciller\u00eda le inform\u00f3 la decisi\u00f3n a Brasil, pa\u00eds organizador de la reuni\u00f3n, a la que tampoco asistir\u00e1 el mandatario de Paraguay, Santiago Pe\u00f1a. El encuentro puede ser clave por&hellip; <\/p>\n","protected":false},"author":8,"featured_media":235575,"comment_status":"closed","ping_status":"open","sticky":false,"template":"","format":"standard","meta":{"footnotes":""},"categories":[3],"tags":[],"class_list":["post-235574","post","type-post","status-publish","format-standard","has-post-thumbnail","hentry","category-politica"],"_links":{"self":[{"href":"https:\/\/corrientesdetarde.com\/index.php\/wp-json\/wp\/v2\/posts\/235574","targetHints":{"allow":["GET"]}}],"collection":[{"href":"https:\/\/corrientesdetarde.com\/index.php\/wp-json\/wp\/v2\/posts"}],"about":[{"href":"https:\/\/corrientesdetarde.com\/index.php\/wp-json\/wp\/v2\/types\/post"}],"author":[{"embeddable":true,"href":"https:\/\/corrientesdetarde.com\/index.php\/wp-json\/wp\/v2\/users\/8"}],"replies":[{"embeddable":true,"href":"https:\/\/corrientesdetarde.com\/index.php\/wp-json\/wp\/v2\/comments?post=235574"}],"version-history":[{"count":1,"href":"https:\/\/corrientesdetarde.com\/index.php\/wp-json\/wp\/v2\/posts\/235574\/revisions"}],"predecessor-version":[{"id":235576,"href":"https:\/\/corrientesdetarde.com\/index.php\/wp-json\/wp\/v2\/posts\/235574\/revisions\/235576"}],"wp:featuredmedia":[{"embeddable":true,"href":"https:\/\/corrientesdetarde.com\/index.php\/wp-json\/wp\/v2\/media\/235575"}],"wp:attachment":[{"href":"https:\/\/corrientesdetarde.com\/index.php\/wp-json\/wp\/v2\/media?parent=235574"}],"wp:term":[{"taxonomy":"category","embeddable":true,"href":"https:\/\/corrientesdetarde.com\/index.php\/wp-json\/wp\/v2\/categories?post=235574"},{"taxonomy":"post_tag","embeddable":true,"href":"https:\/\/corrientesdetarde.com\/index.php\/wp-json\/wp\/v2\/tags?post=235574"}],"curies":[{"name":"wp","href":"https:\/\/api.w.org\/{rel}","templated":true}]}}