{"id":235577,"date":"2025-11-12T14:58:41","date_gmt":"2025-11-12T17:58:41","guid":{"rendered":"https:\/\/corrientesdetarde.com\/?p=235577"},"modified":"2025-11-12T15:00:02","modified_gmt":"2025-11-12T18:00:02","slug":"el-gobierno-nacional-declaro-la-emergencia-agropecuaria-en-rio-negro-entre-rios-y-buenos-aires","status":"publish","type":"post","link":"https:\/\/corrientesdetarde.com\/index.php\/nacionales\/el-gobierno-nacional-declaro-la-emergencia-agropecuaria-en-rio-negro-entre-rios-y-buenos-aires\/","title":{"rendered":"El Gobierno nacional declar\u00f3 la \u201cemergencia agropecuaria\u201d en R\u00edo Negro, Entre R\u00edos y Buenos Aires"},"content":{"rendered":"\n<p>La medida fue dispuesta por el ministro de Econom\u00eda, Luis Caputo, para las provincias afectadas por los eventos clim\u00e1ticos que ocurrieron durante los \u00faltimos meses. El Banco Naci\u00f3n ampli\u00f3 su l\u00ednea de cr\u00e9ditos blandos para m\u00e1s municipios bonaerenses.<\/p>\n\n\n\n<p>El ministro de Econom\u00eda,&nbsp;<strong>Luis Caputo,&nbsp;<\/strong>declar\u00f3 el estado de \u201cemergencia y\/o desastre agropecuario\u201d para diversas zonas productivas de las provincias de R\u00edo Negro, Entre R\u00edos y Buenos Aires, afectadas por eventos clim\u00e1ticos adversos ocurridos durante los \u00faltimos meses.<\/p>\n\n\n\n<p>La recomendaci\u00f3n se formaliz\u00f3 durante la reuni\u00f3n de la&nbsp;<strong>Comisi\u00f3n Nacional de Emergencias y Desastres Agropecuarios (CNEyDA)<\/strong>, el pasado 15 de octubre, donde se realiz\u00f3 un an\u00e1lisis t\u00e9cnico sobre los fen\u00f3menos meteorol\u00f3gicos y clim\u00e1ticos acaecidos y sus impactos en el sector agropecuario, que motivaron \u201clas solicitudes de declaraci\u00f3n de emergencia y\/o desastre agropecuario a nivel nacional por parte de las provincias\u201d.<\/p>\n\n\n\n<p>En este sentido, para R\u00edo Negro se convalid\u00f3 el Decreto provincial N\u00b0 760 de fecha 29 de agosto de 2025,\u00a0<strong>que prorroga desde el 1\u00b0 de junio de 2025 y hasta el 31 de mayo de 2026<\/strong>, a las explotaciones ganaderas afectadas por sequ\u00eda, de los departamentos Avellaneda, Conesa, El Cuy, General Roca, Pichi Mahuida y Nueve de Julio.<\/p>\n\n\n\n<p>Asimismo, se recomend\u00f3 ampliar la declaraci\u00f3n a los establecimientos ganaderos de los departamentos de&nbsp;<strong>\u00d1orquinc\u00f3, Pilcaniyeu y 25 de Mayo,&nbsp;<\/strong>por el mismo evento y mismo per\u00edodo.<\/p>\n\n\n\n<p>Para&nbsp;<strong>Entre R\u00edos,<\/strong>&nbsp;se hizo lo propio con el Decreto provincial N\u00b0 2522 de fecha 12 de septiembre de 2025, declarando desde el 5 de mayo de 2025 y hasta el 4 de mayo de 2026, exclusivamente a las explotaciones de citrus, afectadas por granizo y viento, del distrito Mandisov\u00ed del departamento Federaci\u00f3n.<\/p>\n\n\n\n<p>En tanto, para<strong>&nbsp;Buenos Aires<\/strong>&nbsp;se convalid\u00f3 el Decreto provincial N\u00b0 2452 de fecha 18 de septiembre de 2025, que prorroga desde el 1\u00b0 de septiembre de 2025 y hasta el 28 de febrero de 2026, a las explotaciones agropecuarias afectadas por inundaci\u00f3n en las circunscripciones detalladas en la medida de&nbsp;<strong>los partidos de Bol\u00edvar, Nueve de Julio, Carlos Casares y Tapalqu\u00e9.<\/strong><\/p>\n\n\n\n<figure class=\"wp-block-image\"><img decoding=\"async\" src=\"https:\/\/tn.com.ar\/resizer\/v2\/la-medida-fue-tomada-por-el-ministro-luis-caputo-foto-prensa-ministerio-de-economia-XRMURNSGTFHSHHNL24HPC6DNXA.jpg?auth=d79bd91e2fab33d4a94f07a90f704e19e3498a9a00b080f44962f69222adf9b4&amp;width=767\" alt=\"La medida fue tomada por el ministro Luis Caputo. (Foto: Prensa Ministerio de Econom\u00eda)\"\/><\/figure>\n\n\n\n<p>La reuni\u00f3n de la CNEyDA cont\u00f3 con la participaci\u00f3n de representantes de organismos nacionales como el INTA, el SMN, el Banco Naci\u00f3n, el Banco Central, ARCA, el ministerio del Interior y el ministerio de Econom\u00eda, as\u00ed como delegados de las principales entidades agropecuarias (CRA, CAME, SRA, CONINAGRO, FONAF) y representantes provinciales.<\/p>\n\n\n\n<p>Asimismo, la&nbsp;<strong>Secretar\u00eda de Agricultura, Ganader\u00eda y Pesca de la Naci\u00f3n&nbsp;<\/strong>asistir\u00e1 con el&nbsp;<strong>equivalente a 1,5 millones de litros de gasoil a 25 municipios bonaerenses afectados por \u201cexcesos h\u00eddricos\u201d,&nbsp;<\/strong>siendo su distribuci\u00f3n en funci\u00f3n a la superficie afectada de acuerdo a la metodolog\u00eda de c\u00e1lculo provista por la CONAE con im\u00e1genes satelitales del 9 de noviembre.<\/p>\n\n\n\n<p>Los municipios bonaerenses que recibir\u00e1n la asistencia son: Bol\u00edvar, Nueve de Julio, Pila, Pehuaj\u00f3, 25 de Mayo, Dolores, Carlos Casares, Las Flores, Lincoln, Roque P\u00e9rez, Adolfo Gonzales Chaves, General Guido, General Belgrano, General Viamonte, Bragado, Daireaux, Castelli, Laprida, Saladillo, Carlos Tejedor, Guamini, Villarino, Hip\u00f3lito Yrigoyen, General Alvear y Monte.<\/p>\n\n\n\n<h2 class=\"wp-block-heading\">El Banco Naci\u00f3n ampli\u00f3 su apoyo a m\u00e1s municipios bonaerenses<\/h2>\n\n\n\n<p>Por otro lado, en el marco de la declaraci\u00f3n de estado de emergencia y\/o desastre agropecuario dispuesta por el Gobierno, el Banco Naci\u00f3n anunci\u00f3 que \u201cfortalece su acompa\u00f1amiento al sector rural de distintas zonas productivas afectadas por los eventos clim\u00e1ticos de los \u00faltimos meses\u201d.<\/p>\n\n\n\n<p>En ese sentido,&nbsp;<strong>la entidad ampli\u00f3 el alcance de su l\u00ednea especial de asistencia financiera para<\/strong>&nbsp;<strong>brindar apoyo a nuevos municipios bonaerenses:&nbsp;<\/strong>Bol\u00edvar, Nueve de Julio, Pila, Pehuaj\u00f3, 25 de Mayo, Dolores, Carlos Casares, Las Flores, Lincoln, Roque P\u00e9rez, Adolfo Gonzales Chaves, General Guido, General Belgrano, General Viamonte, Bragado, Daireaux, Castelli, Laprida, Saladillo, Carlos Tejedor, Guamin\u00ed, Villarino, Hip\u00f3lito Yrigoyen, General Alvear y Monte.<\/p>\n\n\n\n<p>De esta manera, el Banco Naci\u00f3n reafirm\u00f3 \u201csu compromiso con las econom\u00edas regionales que impulsan la econom\u00eda, ofreciendo herramientas financieras que contribuyen a la recuperaci\u00f3n y sostenibilidad del entramado agropecuario\u201d, seg\u00fan comunicaron.<\/p>\n\n\n\n<p>Se trata de una l\u00ednea de capital de trabajo en pesos, a sola firma, para clientes MiPyMEs bajo cualquier forma societaria o unipersonal con un monto m\u00e1ximo de hasta $50 millones.<\/p>\n\n\n\n<p>Incluye una tasa de inter\u00e9s fija del 30% para todo el per\u00edodo, un plazo de hasta 36 meses y hasta un a\u00f1o de gracia para cancelaci\u00f3n del capital.<\/p>\n\n\n\n<p>En tanto, la cancelaci\u00f3n del pr\u00e9stamos podr\u00e1 ser mensual, trimestral o semestral de acuerdo con los ingresos del cliente (sistema alem\u00e1n).<\/p>\n\n\n\n<p><strong>Tambi\u00e9n contempla una pr\u00f3rroga de vencimiento para operaciones comerciales<\/strong>&nbsp;de hasta 60 d\u00edas y alcanzar\u00e1 a todos los vencimientos de operaciones de capital de trabajo o inversi\u00f3n que operen durante los meses de noviembre y diciembre de 2025.<\/p>\n\n\n\n<p>Este plazo podr\u00e1 ser ampliado en el caso de que, a nivel nacional, se declare la zona en emergencia o desastre agropecuario.<\/p>\n\n\n\n<p><\/p>\n","protected":false},"excerpt":{"rendered":"<p>La medida fue dispuesta por el ministro de Econom\u00eda, Luis Caputo, para las provincias afectadas por los eventos clim\u00e1ticos que ocurrieron durante los \u00faltimos meses. El Banco Naci\u00f3n ampli\u00f3 su&hellip; <\/p>\n","protected":false},"author":8,"featured_media":235578,"comment_status":"closed","ping_status":"open","sticky":false,"template":"","format":"standard","meta":{"footnotes":""},"categories":[23,10],"tags":[],"class_list":["post-235577","post","type-post","status-publish","format-standard","has-post-thumbnail","hentry","category-actualidad","category-nacionales"],"_links":{"self":[{"href":"https:\/\/corrientesdetarde.com\/index.php\/wp-json\/wp\/v2\/posts\/235577","targetHints":{"allow":["GET"]}}],"collection":[{"href":"https:\/\/corrientesdetarde.com\/index.php\/wp-json\/wp\/v2\/posts"}],"about":[{"href":"https:\/\/corrientesdetarde.com\/index.php\/wp-json\/wp\/v2\/types\/post"}],"author":[{"embeddable":true,"href":"https:\/\/corrientesdetarde.com\/index.php\/wp-json\/wp\/v2\/users\/8"}],"replies":[{"embeddable":true,"href":"https:\/\/corrientesdetarde.com\/index.php\/wp-json\/wp\/v2\/comments?post=235577"}],"version-history":[{"count":1,"href":"https:\/\/corrientesdetarde.com\/index.php\/wp-json\/wp\/v2\/posts\/235577\/revisions"}],"predecessor-version":[{"id":235579,"href":"https:\/\/corrientesdetarde.com\/index.php\/wp-json\/wp\/v2\/posts\/235577\/revisions\/235579"}],"wp:featuredmedia":[{"embeddable":true,"href":"https:\/\/corrientesdetarde.com\/index.php\/wp-json\/wp\/v2\/media\/235578"}],"wp:attachment":[{"href":"https:\/\/corrientesdetarde.com\/index.php\/wp-json\/wp\/v2\/media?parent=235577"}],"wp:term":[{"taxonomy":"category","embeddable":true,"href":"https:\/\/corrientesdetarde.com\/index.php\/wp-json\/wp\/v2\/categories?post=235577"},{"taxonomy":"post_tag","embeddable":true,"href":"https:\/\/corrientesdetarde.com\/index.php\/wp-json\/wp\/v2\/tags?post=235577"}],"curies":[{"name":"wp","href":"https:\/\/api.w.org\/{rel}","templated":true}]}}