{"id":235580,"date":"2025-11-12T15:06:22","date_gmt":"2025-11-12T18:06:22","guid":{"rendered":"https:\/\/corrientesdetarde.com\/?p=235580"},"modified":"2025-11-12T15:07:04","modified_gmt":"2025-11-12T18:07:04","slug":"manifestantes-indigenas-irrumpieron-en-la-cumbre-climatica-en-brasil-y-se-enfrentaron-con-la-seguridad","status":"publish","type":"post","link":"https:\/\/corrientesdetarde.com\/index.php\/internacionales\/manifestantes-indigenas-irrumpieron-en-la-cumbre-climatica-en-brasil-y-se-enfrentaron-con-la-seguridad\/","title":{"rendered":"manifestantes ind\u00edgenas irrumpieron en la cumbre clim\u00e1tica en Brasil y se enfrentaron con la seguridad"},"content":{"rendered":"\n<p>Los activistas ten\u00edan como objetivo compartir sus demandas dentro del evento, pero no tuvieron \u00e9xito. Las im\u00e1genes del momento de tensi\u00f3n se replicaron en las redes sociales.<\/p>\n\n\n\n<p>Decenas de activistas ind\u00edgenas se enfrentaron con las fuerzas de seguridad este martes cuando intentaban ingresar al \u00e1rea restringida de la<strong>\u00a0Cumbre Clim\u00e1tica de las<\/strong>\u00a0<strong>Naciones Unidas<\/strong>\u00a0(COP30), en la ciudad de Bel\u00e9m, Brasil, para protestar contra el impacto del calentamiento global en la salud de las personas.<\/p>\n\n\n\n<p>Maria Clara, una manifestante de la asociaci\u00f3n Rede Sustentabilidade de Bah\u00eda, explic\u00f3 a&nbsp;<em>AFP&nbsp;<\/em>que la protesta ten\u00eda como objetivo&nbsp;<strong>alertar sobre la situaci\u00f3n de los \u201cpueblos ind\u00edgenas\u201d. \u201cEstas voces son ignoradas\u201d, dijo.<\/strong><\/p>\n\n\n\n<p>Los participantes lograron pasar los arcos de seguridad y accedieron de noche al vest\u00edbulo de la gran carpa administrada por la ONU en la que se desarrollan las negociaciones clim\u00e1ticas.<\/p>\n\n\n\n<figure class=\"wp-block-image size-large\"><img loading=\"lazy\" decoding=\"async\" width=\"1024\" height=\"576\" src=\"https:\/\/corrientesdetarde.com\/wp-content\/uploads\/2025\/11\/image-397-1024x576.png\" alt=\"\" class=\"wp-image-235582\" srcset=\"https:\/\/corrientesdetarde.com\/wp-content\/uploads\/2025\/11\/image-397-1024x576.png 1024w, https:\/\/corrientesdetarde.com\/wp-content\/uploads\/2025\/11\/image-397-300x169.png 300w, https:\/\/corrientesdetarde.com\/wp-content\/uploads\/2025\/11\/image-397-768x432.png 768w, https:\/\/corrientesdetarde.com\/wp-content\/uploads\/2025\/11\/image-397.png 1440w\" sizes=\"auto, (max-width: 1024px) 100vw, 1024px\" \/><\/figure>\n\n\n\n<p>Esta situaci\u00f3n provoc\u00f3 una escena de caos porque, justo en ese momento, miembros de las delegaciones nacionales se dispon\u00edan a salir del recinto. Pasados unos minutos, el equipo de seguridad de la ONU logr\u00f3 expulsar a los manifestantes de la zona.<\/p>\n\n\n\n<p>\u201c\u00a1La crisis clim\u00e1tica es una crisis de salud!\u201c, corearon los participantes de la marcha, entre los cuales hab\u00eda profesionales sanitarios e ind\u00edgenas amaz\u00f3nicos, seg\u00fan&nbsp;<em>EFE<\/em>.<\/p>\n\n\n\n<h2 class=\"wp-block-heading\">El impacto del cambio clim\u00e1tico en la salud<\/h2>\n\n\n\n<p>En pocas regiones se siente tanto el impacto del cambio clim\u00e1tico sobre la salud que en la&nbsp;<strong>Amazon\u00eda<\/strong>, donde se ubica Bel\u00e9m y que en 2024 fue golpeada por una sequ\u00eda hist\u00f3rica, agravada por m\u00faltiples incendios.<\/p>\n\n\n\n<p>\u201cViv\u00ed d\u00e9cadas en Bel\u00e9m y nunca tuve dengue; ahora todo el mundo lo contrae\u2026 se ha convertido en una enfermedad urbana&#8221;, afirm\u00f3 a&nbsp;<em>EFE&nbsp;<\/em>la manifestante&nbsp;<strong>Lena Peres<\/strong>, una infect\u00f3loga de 63 a\u00f1os que trabaja para el Ministerio de Salud brasile\u00f1o.<\/p>\n\n\n\n<p>Peres a\u00f1adi\u00f3 que el calentamiento global es acompa\u00f1ado de una<strong>&nbsp;proliferaci\u00f3n mayor de enfermedades cardiovasculares y renales<\/strong>, por lo que concluy\u00f3 que \u201cya no se puede no hacer la conexi\u00f3n entre cambio clim\u00e1tico y salud\u201d.<\/p>\n\n\n\n<p>El golpe se siente tambi\u00e9n a miles de kil\u00f3metros al norte de la Amazon\u00eda, en pa\u00edses fr\u00edos como Canad\u00e1, donde la m\u00e9dica de familia Melissa Lem tiene que lidiar con el efecto sobre sus pacientes de temporadas de incendios cada vez m\u00e1s intensas.<\/p>\n\n\n\n<figure class=\"wp-block-image\"><img decoding=\"async\" src=\"https:\/\/tn.com.ar\/resizer\/v2\/manifestantes-se-enfrentaron-con-fuerzas-de-seguridad-en-un-intento-de-ingresar-a-la-sede-de-la-cop30-en-belem-foto-reutersanderson-coelho-QOVX63K2FXURUJMQ7PWNSKARLA.jpg?auth=665a788595fe99e0e47c4d451ea0567b2800b244ebbc1ee945159acc1c625ead&amp;width=767\" alt=\"Manifestantes se enfrentaron con fuerzas de seguridad en un intento de ingresar a la sede de la COP30, en Bel\u00e9m. (Foto: REUTERS\/Anderson Coelho)\"\/><\/figure>\n\n\n\n<p>\u201cEn esas \u00e9pocas, hay m\u00e1s ataques de asma y casos de diabetes\u201d, explic\u00f3 esta profesional que preside la Asociaci\u00f3n canadiense de m\u00e9dicos por el medioambiente y que ha viajado desde Vancouver para participar en la COP30 acompa\u00f1ada por su estetoscopio.<\/p>\n\n\n\n<p>En este escenario, los m\u00e9dicos que participaron en la protesta defendieron&nbsp;<strong>detener la extracci\u00f3n de combustibles f\u00f3siles<\/strong>, principal causa del calentamiento global, pero tambi\u00e9n apuntaron a la necesidad de soluciones a corto plazo para enfrentar lo que ya es una realidad.<\/p>\n\n\n\n<p><\/p>\n","protected":false},"excerpt":{"rendered":"<p>Los activistas ten\u00edan como objetivo compartir sus demandas dentro del evento, pero no tuvieron \u00e9xito. Las im\u00e1genes del momento de tensi\u00f3n se replicaron en las redes sociales. Decenas de activistas&hellip; <\/p>\n","protected":false},"author":8,"featured_media":235581,"comment_status":"closed","ping_status":"open","sticky":false,"template":"","format":"standard","meta":{"footnotes":""},"categories":[11],"tags":[],"class_list":["post-235580","post","type-post","status-publish","format-standard","has-post-thumbnail","hentry","category-internacionales"],"_links":{"self":[{"href":"https:\/\/corrientesdetarde.com\/index.php\/wp-json\/wp\/v2\/posts\/235580","targetHints":{"allow":["GET"]}}],"collection":[{"href":"https:\/\/corrientesdetarde.com\/index.php\/wp-json\/wp\/v2\/posts"}],"about":[{"href":"https:\/\/corrientesdetarde.com\/index.php\/wp-json\/wp\/v2\/types\/post"}],"author":[{"embeddable":true,"href":"https:\/\/corrientesdetarde.com\/index.php\/wp-json\/wp\/v2\/users\/8"}],"replies":[{"embeddable":true,"href":"https:\/\/corrientesdetarde.com\/index.php\/wp-json\/wp\/v2\/comments?post=235580"}],"version-history":[{"count":1,"href":"https:\/\/corrientesdetarde.com\/index.php\/wp-json\/wp\/v2\/posts\/235580\/revisions"}],"predecessor-version":[{"id":235583,"href":"https:\/\/corrientesdetarde.com\/index.php\/wp-json\/wp\/v2\/posts\/235580\/revisions\/235583"}],"wp:featuredmedia":[{"embeddable":true,"href":"https:\/\/corrientesdetarde.com\/index.php\/wp-json\/wp\/v2\/media\/235581"}],"wp:attachment":[{"href":"https:\/\/corrientesdetarde.com\/index.php\/wp-json\/wp\/v2\/media?parent=235580"}],"wp:term":[{"taxonomy":"category","embeddable":true,"href":"https:\/\/corrientesdetarde.com\/index.php\/wp-json\/wp\/v2\/categories?post=235580"},{"taxonomy":"post_tag","embeddable":true,"href":"https:\/\/corrientesdetarde.com\/index.php\/wp-json\/wp\/v2\/tags?post=235580"}],"curies":[{"name":"wp","href":"https:\/\/api.w.org\/{rel}","templated":true}]}}