{"id":235880,"date":"2025-11-14T10:00:10","date_gmt":"2025-11-14T13:00:10","guid":{"rendered":"https:\/\/corrientesdetarde.com\/?p=235880"},"modified":"2025-11-14T11:15:43","modified_gmt":"2025-11-14T14:15:43","slug":"devcom-2025-telco-destaco-su-rol-y-liderazgo-de-conectividad-en-el-nea","status":"publish","type":"post","link":"https:\/\/corrientesdetarde.com\/index.php\/eventos\/devcom-2025-telco-destaco-su-rol-y-liderazgo-de-conectividad-en-el-nea\/","title":{"rendered":"DevCom 2025: TelCo destac\u00f3 su rol y liderazgo de conectividad en el NEA"},"content":{"rendered":"\n<p>La empresa estatal correntina inaugur\u00f3 ayer la DevCom 2025 en el auditorio Juli\u00e1n Zini. Durante la apertura, su gerente, Ana Alegre L\u00f3pez, destac\u00f3 el r\u00e1pido crecimiento de la infraestructura provincial y asegur\u00f3 que TelCo &#8220;es un actor clave en la transformaci\u00f3n digital&#8221;.<\/p>\n\n\n\n<p>El evento, que finaliza hoy viernes 14 de noviembre, re\u00fane a la comunidad interesada en el futuro digital para debatir sobre inteligencia artificial, automatizaci\u00f3n, Internet de las Cosas (IoT) e infraestructura.<\/p>\n\n\n\n<p>En sus palabras de bienvenida, Anita Alegre L\u00f3pez, expres\u00f3 la &#8220;alegr\u00eda y satisfacci\u00f3n&#8221; de todo el equipo por compartir el trabajo que realizan. &#8220;A veces a nosotros mismos nos cuesta dimensionar el impacto que tenemos en la provincia&#8221;, resalt\u00f3.<\/p>\n\n\n\n<figure class=\"wp-block-image\"><img decoding=\"async\" src=\"https:\/\/www.diarioepoca.com\/content\/bucket\/0\/1459200w380h229c.jpg.webp\" alt=\"\"\/><figcaption class=\"wp-element-caption\">LA PRIMERA JORNADA TUVO UN BUEN ACOMPA\u00d1AMIENTO.<\/figcaption><\/figure>\n\n\n\n<p>Alegre L\u00f3pez record\u00f3 que antes de la creaci\u00f3n de TelCo, el vac\u00edo de conectividad en el interior era &#8220;abismal&#8221;, con zonas donde el servicio era &#8220;nulo o muy pobre&#8221;.<\/p>\n\n\n\n<p>Destac\u00f3 el dr\u00e1stico cambio gracias al respaldo de una pol\u00edtica provincial para construir infraestructura de telecomunicaciones.<\/p>\n\n\n\n<p>En ese sentido, la gerente detall\u00f3 que en 2018 Corrientes estaba relegada al cuarto lugar en accesos fijos a internet. &#8220;Desde fines del 2024 estamos liderando en el NEA la cantidad de accesos fijos&#8221;, asegur\u00f3.<\/p>\n\n\n\n<figure class=\"wp-block-image\"><img decoding=\"async\" src=\"https:\/\/www.diarioepoca.com\/content\/bucket\/1\/1459231w380h247c.jpg.webp\" alt=\"\"\/><\/figure>\n\n\n\n<p>Explic\u00f3 que este logro es resultado del trabajo articulado con los proveedores de internet provinciales: TelCo construye los nodos troncales y los proveedores se conectan para llevar el servicio a toda la provincia. Gracias a este modelo hoy se cubri\u00f3 al 86% de la poblaci\u00f3n.<\/p>\n\n\n\n<p>La gerente tambi\u00e9n elogi\u00f3 al equipo de profesionales de TelCo, a quienes calific\u00f3 de &#8220;cracks&#8221; y &#8220;genios&#8221; por comprender la &#8220;cultura de innovaci\u00f3n&#8221; de la empresa, destacando la importancia de desarrollar tanto las habilidades duras (conocimiento t\u00e9cnico) como las habilidades blandas (como el trabajo en equipo).<\/p>\n\n\n\n<p>Tras la presentaci\u00f3n, como primer orador se present\u00f3 Manuel Vald\u00e9s, quien brind\u00f3 una ponencia sobre Model Context Protocols (MCP), o sea, las directrices y mecanismos que un sistema de inteligencia artificial utiliza para recordar la conversaci\u00f3n, aplicar reglas de comportamiento y personalizar su respuesta, asegurando que el contenido generado sea relevante y coherente con el historial y las instrucciones espec\u00edficas del usuario.<\/p>\n\n\n\n<h2 class=\"wp-block-heading\">Segundo d\u00eda de charlas<\/h2>\n\n\n\n<p>La DevCom 2025 contin\u00faa culmina hoy viernes en el auditorio Juli\u00e1n Zini del Banco de Corrientes. Esta segunda jornada est\u00e1 centrada en &#8220;Telecomunicaciones&#8221;, enfocado en la innovaci\u00f3n en redes y conectividad.<\/p>\n\n\n\n<p>Quienes deseen asistir a la segunda jornada del evento deben completar el formulario en weepas.ar\/detalle-evento\/DEVCOM%202025. Tambi\u00e9n hay informaci\u00f3n en las redes del evento. (@devcom.telco).<\/p>\n\n\n\n<h2 class=\"wp-block-heading\">\u00bfQu\u00e9 es TelCo?<\/h2>\n\n\n\n<p>TelCo es una empresa referente en infraestructura de telecomunicaciones y promueve la transformaci\u00f3n digital en la provincia de Corrientes. Tiene como objetivo ser conectividad a internet, telefon\u00eda, enlaces satelitales, arquitectura tecnol\u00f3gica para peque\u00f1os, medianos y grandes proveedores de servicios.<\/p>\n\n\n\n<p>Su objetivo es construir la red de comunicaciones provincial que permita la interconexi\u00f3n de las escuelas, hospitales, puestos de salud, destacamentos policiales y organismos de Gobierno para implementar los servicios digitales del estado provincial.<\/p>\n\n\n\n<p>Tambi\u00e9n administrar la red de comunicaciones de la provincia de Corrientes generando ingresos para mantenerla y actualizarla tecnol\u00f3gicamente.<\/p>\n\n\n\n<p>Desarrollar y administrar los servicios de telecomunicaciones del Estado Provincial y de los municipios que lo requieran.<\/p>\n\n\n\n<p>Coordinar con las operadoras nacionales establecidas para que aumenten sus coberturas y servicios en la Provincia, mediante acuerdos de utilizaci\u00f3n conjunta de la infraestructura.<\/p>\n\n\n\n<p>Brindan servicios de TIC all\u00ed donde la actividad privada no lo haga.<\/p>\n\n\n\n<p>Buscan establecer est\u00e1ndares para los servicios y tecnolog\u00edas a utilizar apoy\u00e1ndose en los existentes a nivel nacional.<\/p>\n\n\n\n<p>Tambi\u00e9n contribuyen con soluciones de TIC al crecimiento y desarrollo de Corrientes facilitando a todos los ciudadanos herramientas y servicios de calidad.<\/p>\n","protected":false},"excerpt":{"rendered":"<p>La empresa estatal correntina inaugur\u00f3 ayer la DevCom 2025 en el auditorio Juli\u00e1n Zini. Durante la apertura, su gerente, Ana Alegre L\u00f3pez, destac\u00f3 el r\u00e1pido crecimiento de la infraestructura provincial&hellip; <\/p>\n","protected":false},"author":3,"featured_media":235897,"comment_status":"closed","ping_status":"open","sticky":false,"template":"","format":"standard","meta":{"footnotes":""},"categories":[22],"tags":[],"class_list":["post-235880","post","type-post","status-publish","format-standard","has-post-thumbnail","hentry","category-eventos"],"_links":{"self":[{"href":"https:\/\/corrientesdetarde.com\/index.php\/wp-json\/wp\/v2\/posts\/235880","targetHints":{"allow":["GET"]}}],"collection":[{"href":"https:\/\/corrientesdetarde.com\/index.php\/wp-json\/wp\/v2\/posts"}],"about":[{"href":"https:\/\/corrientesdetarde.com\/index.php\/wp-json\/wp\/v2\/types\/post"}],"author":[{"embeddable":true,"href":"https:\/\/corrientesdetarde.com\/index.php\/wp-json\/wp\/v2\/users\/3"}],"replies":[{"embeddable":true,"href":"https:\/\/corrientesdetarde.com\/index.php\/wp-json\/wp\/v2\/comments?post=235880"}],"version-history":[{"count":1,"href":"https:\/\/corrientesdetarde.com\/index.php\/wp-json\/wp\/v2\/posts\/235880\/revisions"}],"predecessor-version":[{"id":235912,"href":"https:\/\/corrientesdetarde.com\/index.php\/wp-json\/wp\/v2\/posts\/235880\/revisions\/235912"}],"wp:featuredmedia":[{"embeddable":true,"href":"https:\/\/corrientesdetarde.com\/index.php\/wp-json\/wp\/v2\/media\/235897"}],"wp:attachment":[{"href":"https:\/\/corrientesdetarde.com\/index.php\/wp-json\/wp\/v2\/media?parent=235880"}],"wp:term":[{"taxonomy":"category","embeddable":true,"href":"https:\/\/corrientesdetarde.com\/index.php\/wp-json\/wp\/v2\/categories?post=235880"},{"taxonomy":"post_tag","embeddable":true,"href":"https:\/\/corrientesdetarde.com\/index.php\/wp-json\/wp\/v2\/tags?post=235880"}],"curies":[{"name":"wp","href":"https:\/\/api.w.org\/{rel}","templated":true}]}}