{"id":235899,"date":"2025-11-14T10:33:30","date_gmt":"2025-11-14T13:33:30","guid":{"rendered":"https:\/\/corrientesdetarde.com\/?p=235899"},"modified":"2025-11-14T10:33:38","modified_gmt":"2025-11-14T13:33:38","slug":"summit-ucp-sobre-derecho-negocios-y-tecnologia-ciberseguridad-ia-e-higiene-digital","status":"publish","type":"post","link":"https:\/\/corrientesdetarde.com\/index.php\/informacion-general\/summit-ucp-sobre-derecho-negocios-y-tecnologia-ciberseguridad-ia-e-higiene-digital\/","title":{"rendered":"Summit UCP sobre Derecho, Negocios y Tecnolog\u00eda: Ciberseguridad, IA e higiene digital"},"content":{"rendered":"\n<p>En la Sede Corrientes de la Universidad Cuenca del Plata, se llev\u00f3 a cabo esta cumbre denominada \u201cCiberseguridad, IA e higiene digital\u201d, un espacio de debate y reflexi\u00f3n acerca de los ciberdelitos, el impacto de la inteligencia artificial en la seguridad inform\u00e1tica y las herramientas para la protecci\u00f3n de datos personales.<\/p>\n\n\n\n<p>El Summit UCP 2025 de Derecho, Negocios y Tecnolog\u00eda, fue organizado en conjunto por la Facultad de Ciencias Jur\u00eddicas y Pol\u00edticas de la Universidad de la Cuenca del Plata y la Vicegobernaci\u00f3n de Corrientes. La jornada inici\u00f3 bajo una modalidad h\u00edbrida y estuvo dividida en cuatro bloques tem\u00e1ticos que abordar\u00e1n distintos ejes: Ciberdelitos, Higiene Digital, Futuro Hacker y Desaf\u00edos en Ciberseguridad.<\/p>\n\n\n\n<p>La bienvenida estuvo a cargo del Decano de la Facultad de Ciencias Jur\u00eddicas y Pol\u00edticas de la Universidad Cuenca del Plata, Dr. An\u00edbal Gronda. Acompa\u00f1\u00f3 la jornada el Dr. Emiliano Guti\u00e9rrez, director Relaciones Internacionales, Cooperaci\u00f3n e Integraci\u00f3n Regional en representaci\u00f3n del Vicegobernador Dr. Pedro Braillard Poccard. Tambi\u00e9n estuvieron presentes el viceintendente de la Ciudad Capital, Dr. Emilio Lanari, el intendente electo Claudio Polich y el presidente del Colegio P\u00fablico de Abogados Primera Circunscripci\u00f3n Corrientes, Dr. Jos\u00e9 Pedro Cotelo. En forma virtual, el presidente del Superior Tribunal de Justicia, Dr. Luis Rey V\u00e1zquez e integrantes del Superior Tribunal de Justicia de la provincia del Chaco. Cabe destacar la gran participaci\u00f3n de asistentes en forma presencial y virtual.<\/p>\n\n\n\n<p>Desde la Vicegobernaci\u00f3n de Corrientes se destac\u00f3 la importancia de estas jornadas y de la cooperaci\u00f3n entre la Vicegobernaci\u00f3n y la Universidad de la Cuenca del Plata que se viene realizando desde el a\u00f1o pasado, en relaci\u00f3n con el Ciberdelito y la Ciberseguridad, para promover la educaci\u00f3n digital, la \u00e9tica tecnol\u00f3gica y la protecci\u00f3n de datos en el contexto judicial y social actual.<\/p>\n\n\n\n<p>Desarrollo \u201cCiberseguridad, IA e higiene digital\u201d<\/p>\n\n\n\n<p>El Bloque 1 estuvo referido a \u201cCiberdelitos\u201d, con las destacadas exposiciones de: Jorge Litvin, Chief Legal &amp; Compliance, Officer &#8211; RESGUARDA | Fundador &amp; CEO Safe-U; del Dr. Horacio Juan Azzolin, fiscal general ante los Tribunales en lo Criminal y Correccional | Titular de la UFECI, y la exposici\u00f3n de Javier L\u00f3pez Buyo, Responsable IT CreaComercio (Espa\u00f1a).<\/p>\n\n\n\n<p>El segundo Bloque trat\u00f3 sobre \u201cHigiene Digital\u201d con disertaci\u00f3n de la especialista Paula Geosits, COO de Safe-U, brind\u00f3 la conferencia &#8220;\u00bfPor qu\u00e9 caemos en lo que caemos?&#8221;, invitando a reflexionar sobre el rol del factor humano como la primera l\u00ednea de defensa en ciberseguridad. Luego, Germ\u00e1n Tabares, Operation Manager de Safe-U, lider\u00f3 el taller interactivo &#8220;Ciberseguridad en 10 pasos&#8221;, compartiendo herramientas pr\u00e1cticas para fortalecer h\u00e1bitos digitales seguros.<\/p>\n\n\n\n<p>Por la tarde, en el tercer Bloque se desarroll\u00f3 \u201cFuturo Hacker\u201d, integrado por los expositores: Daniela Valor y la disertaci\u00f3n de Alicia Beatriz Penayo denominada \u201cConstruyendo el talento del futuro: innovaci\u00f3n y resiliencia desde Misiones\u201d.<\/p>\n\n\n\n<p>El \u00faltimo bloque de la jornada trat\u00f3 sobre el tema: \u201cDesaf\u00edos en Ciberseguridad\u201d. Integraron la primera parte de este bloque los expositores: Tania Avellaneda experta responsable de Ciberseguridad del Banco de Corrientes, Alfredo Ram\u00edrez experto responsable de Ciberseguridad del Banco de Formosa, Julio L\u00f3pez especialista en tecnolog\u00edas digitales y ciberseguridad. Gerente de Inteligencias y Fraudes en NBCH y como moderadora: Paula Geosits que tienen a su cargo el desarrollo del Panel: \u201cDesaf\u00edos y estrategias de protecci\u00f3n para las empresas\u201d.<\/p>\n\n\n\n<p>La segunda parte del cuarto Bloque lo desarroll\u00f3 el Dr. Jorge Litvin, abogado especialista en cibercrimen y evidencia digital, con Maestr\u00eda en Derecho Penal por la Universidad Torcuato Di Tella que disert\u00f3 sobre \u201c10 preguntas de ciberseguridad que tu empresa deber\u00eda contestar\u201d. El cierre estuvo a cargo del Dr. Javier Morales.<\/p>\n\n\n\n<p>El Summit UCP 2025 se posiciona como un espacio de articulaci\u00f3n entre el \u00e1mbito acad\u00e9mico, judicial y tecnol\u00f3gico, enfocado en formar una nueva generaci\u00f3n de l\u00edderes digitales conscientes y responsables.<\/p>\n","protected":false},"excerpt":{"rendered":"<p>En la Sede Corrientes de la Universidad Cuenca del Plata, se llev\u00f3 a cabo esta cumbre denominada \u201cCiberseguridad, IA e higiene digital\u201d, un espacio de debate y reflexi\u00f3n acerca de&hellip; <\/p>\n","protected":false},"author":3,"featured_media":235914,"comment_status":"closed","ping_status":"open","sticky":false,"template":"","format":"standard","meta":{"footnotes":""},"categories":[1],"tags":[],"class_list":["post-235899","post","type-post","status-publish","format-standard","has-post-thumbnail","hentry","category-informacion-general"],"_links":{"self":[{"href":"https:\/\/corrientesdetarde.com\/index.php\/wp-json\/wp\/v2\/posts\/235899","targetHints":{"allow":["GET"]}}],"collection":[{"href":"https:\/\/corrientesdetarde.com\/index.php\/wp-json\/wp\/v2\/posts"}],"about":[{"href":"https:\/\/corrientesdetarde.com\/index.php\/wp-json\/wp\/v2\/types\/post"}],"author":[{"embeddable":true,"href":"https:\/\/corrientesdetarde.com\/index.php\/wp-json\/wp\/v2\/users\/3"}],"replies":[{"embeddable":true,"href":"https:\/\/corrientesdetarde.com\/index.php\/wp-json\/wp\/v2\/comments?post=235899"}],"version-history":[{"count":1,"href":"https:\/\/corrientesdetarde.com\/index.php\/wp-json\/wp\/v2\/posts\/235899\/revisions"}],"predecessor-version":[{"id":235915,"href":"https:\/\/corrientesdetarde.com\/index.php\/wp-json\/wp\/v2\/posts\/235899\/revisions\/235915"}],"wp:featuredmedia":[{"embeddable":true,"href":"https:\/\/corrientesdetarde.com\/index.php\/wp-json\/wp\/v2\/media\/235914"}],"wp:attachment":[{"href":"https:\/\/corrientesdetarde.com\/index.php\/wp-json\/wp\/v2\/media?parent=235899"}],"wp:term":[{"taxonomy":"category","embeddable":true,"href":"https:\/\/corrientesdetarde.com\/index.php\/wp-json\/wp\/v2\/categories?post=235899"},{"taxonomy":"post_tag","embeddable":true,"href":"https:\/\/corrientesdetarde.com\/index.php\/wp-json\/wp\/v2\/tags?post=235899"}],"curies":[{"name":"wp","href":"https:\/\/api.w.org\/{rel}","templated":true}]}}