{"id":235901,"date":"2025-11-14T11:00:36","date_gmt":"2025-11-14T14:00:36","guid":{"rendered":"https:\/\/corrientesdetarde.com\/?p=235901"},"modified":"2025-11-14T11:00:38","modified_gmt":"2025-11-14T14:00:38","slug":"la-provincia-reconocio-a-distintos-organismos-por-su-labor-en-seguridad-vial","status":"publish","type":"post","link":"https:\/\/corrientesdetarde.com\/index.php\/destacados\/la-provincia-reconocio-a-distintos-organismos-por-su-labor-en-seguridad-vial\/","title":{"rendered":"La Provincia reconoci\u00f3 a distintos organismos por su labor en seguridad vial"},"content":{"rendered":"\n<p>En el Sal\u00f3n Verde de Casa de Gobierno, se realiz\u00f3 este viernes el acto por el D\u00eda Mundial en Recuerdo de las V\u00edctimas de Siniestros Viales. En el mismo, se entregaron distinciones a las instituciones que desde diferentes \u00e1mbitos trabajan con compromiso, vocaci\u00f3n y sensibilidad en la prevenci\u00f3n de los siniestros, como as\u00ed tambi\u00e9n en la asistencia de v\u00edctimas y la construcci\u00f3n de una movilidad m\u00e1s humana, segura e inclusiva.<\/p>\n\n\n\n<p>Fue la Subsecretar\u00eda de Seguridad Vial la encargada de la organizaci\u00f3n. Esta \u00e1rea fue creada en el 2024 con la misi\u00f3n de planificar, coordinar y ejecutar pol\u00edticas p\u00fablicas destinadas a mejorar la seguridad vial en todo el territorio provincial.<\/p>\n\n\n\n<p>Cada tercer domingo de noviembre, el mundo conmemora el D\u00eda Mundial en Recuerdo de las V\u00edctimas de Siniestros Viales desde el a\u00f1o 2005, para honrar la memoria de quienes perdieron la vida o resultaron lesionados en hechos de tr\u00e1nsito y acompa\u00f1ar a sus familias.<\/p>\n\n\n\n<p>En este marco, la Subsecretar\u00eda de Seguridad Vial reconoce p\u00fablicamente a organismos gubernamentales y no gubernamentales que se destacan por su trabajo constante en la materia<\/p>\n\n\n\n<p>Al tomar la palabra Juan Manuel Saloj, subsecretario del organismo, declar\u00f3 que \u201ces un d\u00eda de reflexi\u00f3n y reconocimiento hacia cada uno de ustedes, solamente para agradecer por ser parte de la lucha diaria que llevamos todos contra los riesgos en la seguridad vial, para bajar esos \u00edndices\u201d, explic\u00f3, a la vez que destac\u00f3 la presencia y el compromiso de los representantes de la Agencia Nacional de Seguridad Vial y de las autoridades del Hospital Escuela, \u201cquienes cumplen un rol trascendente y fundamental en esta lucha diaria\u201d.<\/p>\n\n\n\n<p>\u201cCuando las cosas, por distintas acciones, no se pueden prevenir, terminan recurriendo al Estado provincial a trav\u00e9s del Hospital Escuela, por eso vimos la importancia de agradecerles y reconocerles, y pedirles el compromiso de seguir trabajando de esta manera\u201d, sostuvo el subsecretario.<\/p>\n\n\n\n<p>En ese sentido, destac\u00f3 tambi\u00e9n el rol de los distintos agentes de Salud P\u00fablica y de Desarrollo Social \u201ccon quienes he tenido el privilegio de trabajar en oficina de por medio y he visto el trabajo constante y sonante que hacen todos los d\u00edas, no existen fines de semana ni feriados en este trabajo. Y muchas veces el compromiso tambi\u00e9n lo llevan desde el rol humanitario\u201d, asegur\u00f3.<\/p>\n\n\n\n<p>La fundaci\u00f3n Estrellas Amarillas, la fundaci\u00f3n Miguelito Rosbaco y otras instituciones fueron mencionadas por Saloj, a quienes dedic\u00f3 \u201cel d\u00eda reflexi\u00f3n y compromiso\u201d, para reforzar la importancia que tiene \u201cla conciencia en los siniestros viales, para bajar estos \u00edndices, que para las provincias es una lucha que sostenemos desde hace mucho tiempo\u201d, sostuvo.<\/p>\n\n\n\n<p>Al final, garantiz\u00f3 tambi\u00e9n el compromiso del \u00e1rea gubernamental. \u201cQue sepan que existe un equipo de gobierno desde la Subsecretaria que trabaja todos los d\u00edas para bajar estos \u00edndices. Y que queremos seguir contando con ustedes para este trabajo mancomunado con la sociedad\u201d, subray\u00f3.<\/p>\n\n\n\n<p>Las actividades prosiguieron en la sede que la Facultad de Derecho posee en la calle Salta, donde se llev\u00f3 a cabo una jornada interinstitucional.<\/p>\n\n\n\n<p><strong>Entidades distinguidas<\/strong><\/p>\n\n\n\n<ul class=\"wp-block-list\">\n<li><strong>Fundaci\u00f3n Estrellas Amarillas Corrientes:<\/strong>\u00a0Por su incansable labor en el acompa\u00f1amiento a las familias de v\u00edctimas y en la promoci\u00f3n de la conciencia y la prevenci\u00f3n vial. Recibi\u00f3 la Dra. Graciela Soto Ortiz.<\/li>\n\n\n\n<li><strong>Fundaci\u00f3n Miguelito Rosbaco:<\/strong>\u00a0Por su compromiso con la memoria, la educaci\u00f3n y la transformaci\u00f3n del dolor en acci\u00f3n preventiva.\u00a0Recibi\u00f3 la Prof. Maria Cecilia Machado.<\/li>\n\n\n\n<li><strong>Fundaci\u00f3n Unidos por la Vida:<\/strong>\u00a0Por su dedicaci\u00f3n en la prevenci\u00f3n y la lucha por una sociedad m\u00e1s segura y solidaria.\u00a0Recibi\u00f3 el Sr. Yamil G\u00f3mez.<\/li>\n\n\n\n<li><strong>Direcci\u00f3n Provincial de Emergencias Sanitarias del Ministerio de Salud P\u00fablica:<\/strong>\u00a0Por su valiosa y comprometida labor en la respuesta inmediata ante los siniestros viales, brindando asistencia profesional y humana en los momentos m\u00e1s dif\u00edciles.\u00a0Recibi\u00f3 el Dr. Orlando Levatti.<\/li>\n\n\n\n<li><strong>Departamento de Asistencia a la Comunidad del Ministerio de Salud P\u00fablica:<\/strong>\u00a0Por su acompa\u00f1amiento humano y profesional a las v\u00edctimas y sus familias, aportando contenci\u00f3n emocional y orientaci\u00f3n en contextos de profundo dolor.\u00a0Recibi\u00f3 la Lic. Susana Estigarribia.<\/li>\n\n\n\n<li><strong>Hospital Escuela \u201cGeneral San Mart\u00edn\u201d:<\/strong>\u00a0Por su destacada tarea en la atenci\u00f3n m\u00e9dica de v\u00edctimas de siniestros viales y su compromiso permanente con la salud y la vida. Recibieron el Dr. Jos\u00e9 Romero (Director Ejecutivo) y la Dra.\u00a0Cristina Marecos (Directora M\u00e9dica Asistencial).<\/li>\n\n\n\n<li><strong>Federaci\u00f3n Correntina de Bomberos Voluntarios:<\/strong>\u00a0Por su entrega, valor y compromiso incondicional en la asistencia en emergencias viales.\u00a0Recibi\u00f3 el Sr. Gustavo Zandon\u00e1.<\/li>\n\n\n\n<li><strong>Base Operativa Corrientes de la Agencia Nacional de Seguridad Vial:<\/strong>\u00a0Por su constante colaboraci\u00f3n interinstitucional y su firme compromiso con las pol\u00edticas p\u00fablicas orientadas a reducir la siniestralidad vial.\u00a0Recibi\u00f3 el Dr. Patricio Rodr\u00edguez Stubrin.<\/li>\n\n\n\n<li><strong>Coordinaci\u00f3n de Educaci\u00f3n Vial del Ministerio de Educaci\u00f3n:<\/strong>\u00a0Por su labor educativa en la formaci\u00f3n de valores, h\u00e1bitos y actitudes seguras en la comunidad escolar.\u00a0Recibi\u00f3 el Lic. Juan Daniel Umbert.<\/li>\n\n\n\n<li><strong>Direcci\u00f3n General de Seguridad Vial de la Polic\u00eda de la Provincia de Corrientes:<\/strong>\u00a0Por su compromiso diario en el control, la prevenci\u00f3n y la educaci\u00f3n vial en todo el territorio provincial.\u00a0Recibi\u00f3 el Comisario General Eduardo Felipe Dip.<\/li>\n\n\n\n<li><strong>Equipo Profesional de la Subsecretar\u00eda de Seguridad Vial del Ministerio de Seguridad:<\/strong>\u00a0Por su compromiso, profesionalismo y dedicaci\u00f3n en el desarrollo de pol\u00edticas p\u00fablicas orientadas a la prevenci\u00f3n de los siniestros viales y la protecci\u00f3n de la vida de los correntinos.\u00a0Recibi\u00f3 el equipo profesional.<\/li>\n<\/ul>\n\n\n\n<p><strong>Presencias<\/strong><\/p>\n\n\n\n<p>Participaron del acto, los subsecretarios, de Seguridad, Osvaldo de los Santos Garc\u00eda, de Seguridad Ciudadana, Oscar Mart\u00ednez, el director de Emergencias Sanitarias del ministerio de Salud P\u00fablica, Orlando Levatti, el coordinador de Seguridad Vial del ministerio de Educaci\u00f3n, Daniel Umbert, directores de Hospitales, referentes de la Federaci\u00f3n Correntina de Bomberos Voluntarios, de la Polic\u00eda de Corrientes y de la Agencia Nacional de Seguridad Vial, dem\u00e1s instituciones y organizaciones no gubernamentales e invitados especiales.<\/p>\n","protected":false},"excerpt":{"rendered":"<p>En el Sal\u00f3n Verde de Casa de Gobierno, se realiz\u00f3 este viernes el acto por el D\u00eda Mundial en Recuerdo de las V\u00edctimas de Siniestros Viales. En el mismo, se&hellip; <\/p>\n","protected":false},"author":3,"featured_media":235919,"comment_status":"closed","ping_status":"open","sticky":false,"template":"","format":"standard","meta":{"footnotes":""},"categories":[26],"tags":[],"class_list":["post-235901","post","type-post","status-publish","format-standard","has-post-thumbnail","hentry","category-destacados"],"_links":{"self":[{"href":"https:\/\/corrientesdetarde.com\/index.php\/wp-json\/wp\/v2\/posts\/235901","targetHints":{"allow":["GET"]}}],"collection":[{"href":"https:\/\/corrientesdetarde.com\/index.php\/wp-json\/wp\/v2\/posts"}],"about":[{"href":"https:\/\/corrientesdetarde.com\/index.php\/wp-json\/wp\/v2\/types\/post"}],"author":[{"embeddable":true,"href":"https:\/\/corrientesdetarde.com\/index.php\/wp-json\/wp\/v2\/users\/3"}],"replies":[{"embeddable":true,"href":"https:\/\/corrientesdetarde.com\/index.php\/wp-json\/wp\/v2\/comments?post=235901"}],"version-history":[{"count":1,"href":"https:\/\/corrientesdetarde.com\/index.php\/wp-json\/wp\/v2\/posts\/235901\/revisions"}],"predecessor-version":[{"id":235925,"href":"https:\/\/corrientesdetarde.com\/index.php\/wp-json\/wp\/v2\/posts\/235901\/revisions\/235925"}],"wp:featuredmedia":[{"embeddable":true,"href":"https:\/\/corrientesdetarde.com\/index.php\/wp-json\/wp\/v2\/media\/235919"}],"wp:attachment":[{"href":"https:\/\/corrientesdetarde.com\/index.php\/wp-json\/wp\/v2\/media?parent=235901"}],"wp:term":[{"taxonomy":"category","embeddable":true,"href":"https:\/\/corrientesdetarde.com\/index.php\/wp-json\/wp\/v2\/categories?post=235901"},{"taxonomy":"post_tag","embeddable":true,"href":"https:\/\/corrientesdetarde.com\/index.php\/wp-json\/wp\/v2\/tags?post=235901"}],"curies":[{"name":"wp","href":"https:\/\/api.w.org\/{rel}","templated":true}]}}