{"id":235917,"date":"2025-11-14T11:00:37","date_gmt":"2025-11-14T14:00:37","guid":{"rendered":"https:\/\/corrientesdetarde.com\/?p=235917"},"modified":"2025-11-14T11:00:39","modified_gmt":"2025-11-14T14:00:39","slug":"clara-gortari-la-juventud-radical-tiene-futuro","status":"publish","type":"post","link":"https:\/\/corrientesdetarde.com\/index.php\/actualidad\/clara-gortari-la-juventud-radical-tiene-futuro\/","title":{"rendered":"Clara Gortari: \u201cLa Juventud Radical tiene futuro\u201d"},"content":{"rendered":"\n<p>La Delegada Nacional de la Juventud Radical por la Provincia de Corrientes, habl\u00f3 sobre el proceso de elecci\u00f3n de autoridades partidarias que se llevar\u00e1 adelante el pr\u00f3ximo viernes 5 de diciembre en el Comit\u00e9 Nacional de la Uni\u00f3n C\u00edvica Radical en la Ciudad Aut\u00f3noma de Buenos Aires.<\/p>\n\n\n\n<p>Clara Gortari tiene 29 a\u00f1os, es Licenciada en Ciencia Pol\u00edtica por la Universidad de Buenos Aires. Actualmente, se encuentra finalizando su cuarto a\u00f1o al frente de la Direcci\u00f3n de Juventud de la Provincia de Corrientes y, desde enero de este a\u00f1o, es una de los tres representantes de la Provincia de Corrientes en la Juventud Radical Nacional.<\/p>\n\n\n\n<p>Esta organizaci\u00f3n de la Uni\u00f3n C\u00edvica Radical, renovar\u00e1 sus autoridades partidarias el pr\u00f3ximo viernes 5 de diciembre en la Ciudad Aut\u00f3noma de Buenos Aires. De dicha elecci\u00f3n, participan tres delegados nacionales por cada uno de los comit\u00e9s provinciales de la Juventud Radical. En la actualidad, quien ejerce la presidencia es Adriano Morone quien, adem\u00e1s, es Diputado Provincial de Jujuy.<\/p>\n\n\n\n<p>La delegada nacional, ante consultas period\u00edsticas sobre la situaci\u00f3n que atraviesan los j\u00f3venes actualmente en la Rep\u00fablica Argentina, precis\u00f3: \u201ccada vez que particip\u00f3 de encuentros con j\u00f3venes, me sorprende la fuerza y la sensibilidad que tenemos como generaci\u00f3n. En estos a\u00f1os, pude escuchar historias muy distintas entre s\u00ed, pero que siempre se encuentran en un mismo punto: todos estamos pensando en nuestro futuro y no es f\u00e1cil. Crecer en la Argentina se siente muchas veces como subir una pendiente que parece no terminar nunca. Entre estudiar, trabajar, alquilar, ayudar en casa, pensar en el d\u00eda de ma\u00f1ana\u2026 la mochila se hace pesada pero, justamente ah\u00ed, est\u00e1 nuestra agenda: acompa\u00f1arnos para que ese camino no sea tan empinado\u201d.<\/p>\n\n\n\n<p>Acerca de la capacidad interpretativa y representativa del radicalismo sobre esta poblaci\u00f3n, se\u00f1al\u00f3 que \u201ctambi\u00e9n s\u00e9 que muchos j\u00f3venes radicales sienten que, a nivel nacional, el partido dej\u00f3 de hablarles y es comprensible: si no logramos interpelar a la sociedad, ni desde la raz\u00f3n ni desde la emoci\u00f3n, es l\u00f3gico que nos perciban desactualizados. Los resultados electorales lo dijeron con claridad pero yo no creo que eso sea el final de nada, al contrario: hay provincias donde se est\u00e1n encendiendo nuevas luces: Santa Fe, Mendoza, Jujuy, Chaco y, por supuesto, mi Corrientes querida, est\u00e1n marcando un camino. Junto al Gobernador Gustavo Vald\u00e9s, venimos impulsando una mirada profundamente federal, democr\u00e1tica y abierta al di\u00e1logo. Lo hacemos porque creemos en la libertad, pero tambi\u00e9n en la igualdad real de oportunidades, esa que te permite so\u00f1ar sin pedir permiso\u201d.<\/p>\n\n\n\n<p>Sobre el rol del radicalismo correntino de cara a la renovaci\u00f3n de autoridades juveniles del radicalismo, Clara Gortari remarc\u00f3 con contundencia: \u201cde cara a la renovaci\u00f3n de autoridades de la Juventud Radical, los tres delegados nacionales de Corrientes estamos trabajando unidos, sin mezquindades, poniendo el cuerpo y el alma para construir una juventud radical que mire al futuro con valent\u00eda. Cada provincia tiene algo distinto para aportar, pero nuestro compromiso primero es con los j\u00f3venes radicales correntinos y de todo el pa\u00eds que creen que podemos transformar la realidad\u201d.<\/p>\n\n\n\n<p>Para finalizar, dijo \u201cla Juventud Radical tiene futuro, pero no porque lo diga yo: tiene futuro porque lo estamos empujando todos los d\u00edas. Los j\u00f3venes argentinos tenemos futuro, estoy convencida de que, si trabajamos juntos, con humildad y de cara a la sociedad, podemos reconstruir un radicalismo a la altura del siglo XXI. Un radicalismo que dialogue con estudiantes secundarios y universitarios, con quienes trabajan, con quienes buscan trabajo, con emprendedores, con familias, con voluntarios, con cada pibe y piba que no renuncia al sue\u00f1o de una Argentina que valga la pena ser vivida. Nuestro desaf\u00edo es ese: animarnos a so\u00f1ar, pero tambi\u00e9n animarnos a hacer\u201d.<\/p>\n","protected":false},"excerpt":{"rendered":"<p>La Delegada Nacional de la Juventud Radical por la Provincia de Corrientes, habl\u00f3 sobre el proceso de elecci\u00f3n de autoridades partidarias que se llevar\u00e1 adelante el pr\u00f3ximo viernes 5 de&hellip; <\/p>\n","protected":false},"author":3,"featured_media":235918,"comment_status":"closed","ping_status":"open","sticky":false,"template":"","format":"standard","meta":{"footnotes":""},"categories":[23],"tags":[],"class_list":["post-235917","post","type-post","status-publish","format-standard","has-post-thumbnail","hentry","category-actualidad"],"_links":{"self":[{"href":"https:\/\/corrientesdetarde.com\/index.php\/wp-json\/wp\/v2\/posts\/235917","targetHints":{"allow":["GET"]}}],"collection":[{"href":"https:\/\/corrientesdetarde.com\/index.php\/wp-json\/wp\/v2\/posts"}],"about":[{"href":"https:\/\/corrientesdetarde.com\/index.php\/wp-json\/wp\/v2\/types\/post"}],"author":[{"embeddable":true,"href":"https:\/\/corrientesdetarde.com\/index.php\/wp-json\/wp\/v2\/users\/3"}],"replies":[{"embeddable":true,"href":"https:\/\/corrientesdetarde.com\/index.php\/wp-json\/wp\/v2\/comments?post=235917"}],"version-history":[{"count":1,"href":"https:\/\/corrientesdetarde.com\/index.php\/wp-json\/wp\/v2\/posts\/235917\/revisions"}],"predecessor-version":[{"id":235926,"href":"https:\/\/corrientesdetarde.com\/index.php\/wp-json\/wp\/v2\/posts\/235917\/revisions\/235926"}],"wp:featuredmedia":[{"embeddable":true,"href":"https:\/\/corrientesdetarde.com\/index.php\/wp-json\/wp\/v2\/media\/235918"}],"wp:attachment":[{"href":"https:\/\/corrientesdetarde.com\/index.php\/wp-json\/wp\/v2\/media?parent=235917"}],"wp:term":[{"taxonomy":"category","embeddable":true,"href":"https:\/\/corrientesdetarde.com\/index.php\/wp-json\/wp\/v2\/categories?post=235917"},{"taxonomy":"post_tag","embeddable":true,"href":"https:\/\/corrientesdetarde.com\/index.php\/wp-json\/wp\/v2\/tags?post=235917"}],"curies":[{"name":"wp","href":"https:\/\/api.w.org\/{rel}","templated":true}]}}