{"id":235930,"date":"2025-11-14T11:14:52","date_gmt":"2025-11-14T14:14:52","guid":{"rendered":"https:\/\/corrientesdetarde.com\/?p=235930"},"modified":"2025-11-14T19:56:56","modified_gmt":"2025-11-14T22:56:56","slug":"caso-cecilia-strzyzowski-se-conoce-el-veredicto-del-jurado-popular-contra-el-clan-sena","status":"publish","type":"post","link":"https:\/\/corrientesdetarde.com\/index.php\/crimen-y-justicia\/caso-cecilia-strzyzowski-se-conoce-el-veredicto-del-jurado-popular-contra-el-clan-sena\/","title":{"rendered":"Caso Cecilia Strzyzowski: el jurado popular lleva dos horas deliberando sobre la responsabilidad de los Sena"},"content":{"rendered":"\n<p>Tras los alegatos finales en el juicio por jurados contra el Clan Sena por la muerte de Cecilia Strzyzowski, la jueza Dolly Fern\u00e1ndez dispuso un cuarto intermedio hasta este viernes por la ma\u00f1ana, instancia en la que brindar\u00e1 las instrucciones finales al jurado popular antes de pasar a deliberar.<\/p>\n\n\n\n<p>En el inicio de la audiencia, Fern\u00e1ndez agradeci\u00f3 al jurado por su participaci\u00f3n y, como es habitual en esta etapa, consult\u00f3 uno por uno a los imputados si deseaban agregar algo &#8220;despu\u00e9s de todo lo que han o\u00eddo y visto en estas audiencias&#8221;.<\/p>\n\n\n\n<p>El primero en tomar la palabra fue&nbsp;<strong>C\u00e9sar Sena<\/strong>, acusado central en la causa, quien ante la pregunta de la jueza solo respondi\u00f3: &#8220;No, su se\u00f1or\u00eda&#8221;, sin explayarse.<\/p>\n\n\n\n<p>Luego habl\u00f3 su padre,&nbsp;<strong>Emerenciano Sena<\/strong>, quien sostuvo: &#8220;Soy inocente, se\u00f1or\u00eda&#8221;.<\/p>\n\n\n\n<p>La declaraci\u00f3n m\u00e1s extensa fue la de&nbsp;<strong>Marcela Acu\u00f1a<\/strong>, madre de C\u00e9sar, quien afirm\u00f3 tener &#8220;mucho para decir&#8221;. Reivindic\u00f3 su inocencia y cuestion\u00f3 lo que calific\u00f3 como la &#8220;mediatizaci\u00f3n&#8221; y la &#8220;utilizaci\u00f3n pol\u00edtica&#8221; del caso.<\/p>\n\n\n\n<p>&#8220;M\u00e1s all\u00e1 de la decisi\u00f3n que tengan de nosotros, quiero que prime la verdad&#8221;, expres\u00f3. Habl\u00f3 del estigma hacia las mujeres privadas de la libertad y asegur\u00f3 que, a\u00fan si resultara condenada, seguir\u00e1 &#8220;luchando por las compa\u00f1eras y compa\u00f1eros que no tienen trabajo ni un plato de comida&#8221;.<\/p>\n\n\n\n<p>Acu\u00f1a tambi\u00e9n apunt\u00f3 contra el Poder Judicial chaque\u00f1o, afirmando que la causa &#8220;se inici\u00f3 sobre la base de una mentira&#8221; y reiter\u00f3 su postura de que debiera ser intervenido. &#8220;Me hago cargo de lo que digo&#8221;, remarc\u00f3.<\/p>\n\n\n\n<p><strong>Gustavo Obreg\u00f3n<\/strong>, visiblemente nervioso, pidi\u00f3 perd\u00f3n por &#8220;acci\u00f3n u omisi\u00f3n&#8221; y dijo que su v\u00ednculo con la familia Sena lo llev\u00f3 a acompa\u00f1ar a C\u00e9sar &#8220;infinitas veces&#8221;. Asimismo, Fabiana Gonz\u00e1lez tom\u00f3 el micr\u00f3fono pero asegur\u00f3 que no ten\u00eda nada m\u00e1s para agregar.<\/p>\n\n\n\n<p>Por su parte,&nbsp;<strong>Griselda Reinoso<\/strong>&nbsp;se declar\u00f3 inocente y sostuvo: &#8220;No me hago responsable de lo que me culpa&#8221;.<\/p>\n\n\n\n<p>Por \u00faltimo,&nbsp;<strong>Gustavo Melgarejo<\/strong>&nbsp;cerr\u00f3 la ronda al afirmar: &#8220;No, su se\u00f1or\u00eda, ya dije todo lo que ten\u00eda que decir&#8221;.<\/p>\n\n\n\n<p>Con estas palabras, concluy\u00f3 la etapa de manifestaciones finales de los imputados, antes de que la jueza Fern\u00e1ndez instruya al jurado, que luego deber\u00e1 deliberar y emitir un veredicto en uno de los juicios m\u00e1s relevantes y seguidos del a\u00f1o.<\/p>\n","protected":false},"excerpt":{"rendered":"<p>Tras los alegatos finales en el juicio por jurados contra el Clan Sena por la muerte de Cecilia Strzyzowski, la jueza Dolly Fern\u00e1ndez dispuso un cuarto intermedio hasta este viernes&hellip; <\/p>\n","protected":false},"author":1,"featured_media":235932,"comment_status":"closed","ping_status":"open","sticky":false,"template":"","format":"standard","meta":{"footnotes":""},"categories":[5],"tags":[],"class_list":["post-235930","post","type-post","status-publish","format-standard","has-post-thumbnail","hentry","category-crimen-y-justicia"],"_links":{"self":[{"href":"https:\/\/corrientesdetarde.com\/index.php\/wp-json\/wp\/v2\/posts\/235930","targetHints":{"allow":["GET"]}}],"collection":[{"href":"https:\/\/corrientesdetarde.com\/index.php\/wp-json\/wp\/v2\/posts"}],"about":[{"href":"https:\/\/corrientesdetarde.com\/index.php\/wp-json\/wp\/v2\/types\/post"}],"author":[{"embeddable":true,"href":"https:\/\/corrientesdetarde.com\/index.php\/wp-json\/wp\/v2\/users\/1"}],"replies":[{"embeddable":true,"href":"https:\/\/corrientesdetarde.com\/index.php\/wp-json\/wp\/v2\/comments?post=235930"}],"version-history":[{"count":3,"href":"https:\/\/corrientesdetarde.com\/index.php\/wp-json\/wp\/v2\/posts\/235930\/revisions"}],"predecessor-version":[{"id":235953,"href":"https:\/\/corrientesdetarde.com\/index.php\/wp-json\/wp\/v2\/posts\/235930\/revisions\/235953"}],"wp:featuredmedia":[{"embeddable":true,"href":"https:\/\/corrientesdetarde.com\/index.php\/wp-json\/wp\/v2\/media\/235932"}],"wp:attachment":[{"href":"https:\/\/corrientesdetarde.com\/index.php\/wp-json\/wp\/v2\/media?parent=235930"}],"wp:term":[{"taxonomy":"category","embeddable":true,"href":"https:\/\/corrientesdetarde.com\/index.php\/wp-json\/wp\/v2\/categories?post=235930"},{"taxonomy":"post_tag","embeddable":true,"href":"https:\/\/corrientesdetarde.com\/index.php\/wp-json\/wp\/v2\/tags?post=235930"}],"curies":[{"name":"wp","href":"https:\/\/api.w.org\/{rel}","templated":true}]}}