{"id":235934,"date":"2025-11-14T11:30:16","date_gmt":"2025-11-14T14:30:16","guid":{"rendered":"https:\/\/corrientesdetarde.com\/?p=235934"},"modified":"2025-11-14T11:30:28","modified_gmt":"2025-11-14T14:30:28","slug":"estudiantes-de-psicologia-social-finalizaron-sus-practicas-en-el-marco-del-convenio-con-la-vicegobernacion","status":"publish","type":"post","link":"https:\/\/corrientesdetarde.com\/index.php\/eventossociedad\/estudiantes-de-psicologia-social-finalizaron-sus-practicas-en-el-marco-del-convenio-con-la-vicegobernacion\/","title":{"rendered":"Estudiantes de Psicolog\u00eda Social finalizaron sus pr\u00e1cticas en el marco del convenio con la Vicegobernaci\u00f3n"},"content":{"rendered":"\n<p>El Vicegobernador Pedro Braillard Poccard encabez\u00f3 el acto de culminaci\u00f3n de las Pr\u00e1cticas Profesionales de los estudiantes avanzados de la Tecnicatura Superior en Psicolog\u00eda Social del Instituto Superior Nuevo Siglo, realizadas en el marco del convenio de cooperaci\u00f3n firmado entre la Vicegobernaci\u00f3n y dicha instituci\u00f3n.<\/p>\n\n\n\n<figure class=\"wp-block-image size-large\"><img loading=\"lazy\" decoding=\"async\" width=\"1024\" height=\"683\" src=\"https:\/\/corrientesdetarde.com\/wp-content\/uploads\/2025\/11\/03f590b5-641b-4117-a3ad-76468512c3fb-1024x683.jpg\" alt=\"\" class=\"wp-image-235935\" srcset=\"https:\/\/corrientesdetarde.com\/wp-content\/uploads\/2025\/11\/03f590b5-641b-4117-a3ad-76468512c3fb-1024x683.jpg 1024w, https:\/\/corrientesdetarde.com\/wp-content\/uploads\/2025\/11\/03f590b5-641b-4117-a3ad-76468512c3fb-300x200.jpg 300w, https:\/\/corrientesdetarde.com\/wp-content\/uploads\/2025\/11\/03f590b5-641b-4117-a3ad-76468512c3fb-768x512.jpg 768w, https:\/\/corrientesdetarde.com\/wp-content\/uploads\/2025\/11\/03f590b5-641b-4117-a3ad-76468512c3fb-1536x1024.jpg 1536w, https:\/\/corrientesdetarde.com\/wp-content\/uploads\/2025\/11\/03f590b5-641b-4117-a3ad-76468512c3fb.jpg 1599w\" sizes=\"auto, (max-width: 1024px) 100vw, 1024px\" \/><\/figure>\n\n\n\n<p>Las pr\u00e1cticas fueron desarrolladas a trav\u00e9s del programa aplicado por el equipo interdisciplinario del \u00c1rea de Pol\u00edticas Sociales de la Vicegobernaci\u00f3n, con foco en la concientizaci\u00f3n, prevenci\u00f3n e informaci\u00f3n sobre problem\u00e1ticas vinculadas al acoso escolar, grooming y ciberbullying.<\/p>\n\n\n\n<p>La ceremonia tuvo lugar en el Sal\u00f3n de Acuerdos del Palacio Legislativo y cont\u00f3 con la participaci\u00f3n de la directora del Instituto, Natacha Buratti; el coordinador del \u00c1rea de Pol\u00edticas Sociales, Hugo Salas; y los estudiantes de Psicolog\u00eda Social que completaron su instancia formativa.<\/p>\n\n\n\n<p>Durante el encuentro, Braillard Poccard dialog\u00f3 con los alumnos acerca de las experiencias y objetivos alcanzados a lo largo de las pr\u00e1cticas. Agradeci\u00f3 la confianza depositada para llevar adelante el proyecto y destac\u00f3 su continuidad: \u201cEspero que haya sido una experiencia provechosa y que podamos darle continuidad, como venimos haciendo por tercer a\u00f1o consecutivo\u201d.<\/p>\n\n\n\n<p>A su turno, Buratti agradeci\u00f3 a la Vicegobernaci\u00f3n \u201cla oportunidad brindada para que los estudiantes puedan realizar sus pr\u00e1cticas en distintas escuelas p\u00fablicas, visibilizando su futuro rol profesional\u201d.<\/p>\n\n\n\n<p>Las pr\u00e1cticas consistieron en el dise\u00f1o e implementaci\u00f3n de charlas y talleres psicosociales en instituciones educativas de gesti\u00f3n p\u00fablica de la ciudad de Corrientes.<\/p>\n\n\n\n<p>En el cierre, los estudiantes expresaron su agradecimiento por el espacio brindado, destacaron los resultados satisfactorios de las acciones realizadas y valoraron el acompa\u00f1amiento de los coordinadores, as\u00ed como la buena recepci\u00f3n por parte de alumnos y docentes, fortaleciendo v\u00ednculos sanos dentro del \u00e1mbito escolar.<\/p>\n","protected":false},"excerpt":{"rendered":"<p>El Vicegobernador Pedro Braillard Poccard encabez\u00f3 el acto de culminaci\u00f3n de las Pr\u00e1cticas Profesionales de los estudiantes avanzados de la Tecnicatura Superior en Psicolog\u00eda Social del Instituto Superior Nuevo Siglo,&hellip; <\/p>\n","protected":false},"author":3,"featured_media":235936,"comment_status":"closed","ping_status":"open","sticky":false,"template":"","format":"standard","meta":{"footnotes":""},"categories":[1208],"tags":[],"class_list":["post-235934","post","type-post","status-publish","format-standard","has-post-thumbnail","hentry","category-eventossociedad"],"_links":{"self":[{"href":"https:\/\/corrientesdetarde.com\/index.php\/wp-json\/wp\/v2\/posts\/235934","targetHints":{"allow":["GET"]}}],"collection":[{"href":"https:\/\/corrientesdetarde.com\/index.php\/wp-json\/wp\/v2\/posts"}],"about":[{"href":"https:\/\/corrientesdetarde.com\/index.php\/wp-json\/wp\/v2\/types\/post"}],"author":[{"embeddable":true,"href":"https:\/\/corrientesdetarde.com\/index.php\/wp-json\/wp\/v2\/users\/3"}],"replies":[{"embeddable":true,"href":"https:\/\/corrientesdetarde.com\/index.php\/wp-json\/wp\/v2\/comments?post=235934"}],"version-history":[{"count":1,"href":"https:\/\/corrientesdetarde.com\/index.php\/wp-json\/wp\/v2\/posts\/235934\/revisions"}],"predecessor-version":[{"id":235937,"href":"https:\/\/corrientesdetarde.com\/index.php\/wp-json\/wp\/v2\/posts\/235934\/revisions\/235937"}],"wp:featuredmedia":[{"embeddable":true,"href":"https:\/\/corrientesdetarde.com\/index.php\/wp-json\/wp\/v2\/media\/235936"}],"wp:attachment":[{"href":"https:\/\/corrientesdetarde.com\/index.php\/wp-json\/wp\/v2\/media?parent=235934"}],"wp:term":[{"taxonomy":"category","embeddable":true,"href":"https:\/\/corrientesdetarde.com\/index.php\/wp-json\/wp\/v2\/categories?post=235934"},{"taxonomy":"post_tag","embeddable":true,"href":"https:\/\/corrientesdetarde.com\/index.php\/wp-json\/wp\/v2\/tags?post=235934"}],"curies":[{"name":"wp","href":"https:\/\/api.w.org\/{rel}","templated":true}]}}