{"id":235939,"date":"2025-11-14T14:06:31","date_gmt":"2025-11-14T17:06:31","guid":{"rendered":"https:\/\/corrientesdetarde.com\/?p=235939"},"modified":"2025-11-14T14:07:03","modified_gmt":"2025-11-14T17:07:03","slug":"clausura-2025-lanus-y-el-decano-abren-la-ultima-fecha-de-la-fase-regular","status":"publish","type":"post","link":"https:\/\/corrientesdetarde.com\/index.php\/deportes\/clausura-2025-lanus-y-el-decano-abren-la-ultima-fecha-de-la-fase-regular\/","title":{"rendered":"CLAUSURA 2025: LANUS Y EL DECANO ABREN LA \u00daLTIMA FECHA DE LA FASE REGULAR"},"content":{"rendered":"\n<p>(Nicol\u00e1s Reif\/ Coco Ram\u00f3n) &#8211; El granate enfrenta est\u00e1 noche a Atl\u00e9tico Tucum\u00e1n a d\u00edas de la gran final de la Conmebol Sudamericana.<\/p>\n\n\n\n<figure class=\"wp-block-embed is-type-video is-provider-youtube wp-block-embed-youtube wp-embed-aspect-16-9 wp-has-aspect-ratio\"><div class=\"wp-block-embed__wrapper\">\n<iframe loading=\"lazy\" title=\"COMIENZA L AULTIMA FECHA DEFICNITORIA DEL FUTBOL\" width=\"1110\" height=\"624\" src=\"https:\/\/www.youtube.com\/embed\/aYpIYLPZuvc?feature=oembed\" frameborder=\"0\" allow=\"accelerometer; autoplay; clipboard-write; encrypted-media; gyroscope; picture-in-picture; web-share\" referrerpolicy=\"strict-origin-when-cross-origin\" allowfullscreen><\/iframe>\n<\/div><\/figure>\n\n\n\n<p><br>La \u00faltima fecha de la primera fase del Clausura 2025 se abrir\u00e1 este viernes en La Fortaleza cuando Lan\u00fas sea anfitri\u00f3n de Atl\u00e9tico Tucum\u00e1n desde las 20 horas (ESPN Premium).<br>El conjunto dirigido por Mauricio Pellegrino, ya clasificado a los playoffs del certamen, buscar\u00e1 terminar su participaci\u00f3n en el grupo B de la mejor manera antes de la definici\u00f3n de la Copa Sudamericana ante Atl\u00e9tico Mineiro el pr\u00f3ximo s\u00e1bado 22.<br>La situaci\u00f3n para el conjunto tucumano es opuesta. Para continuar con vida en el torneo deber\u00e1 ganar si o si en el sur y esperar que sus contendientes no sumen de a tres.<\/p>\n","protected":false},"excerpt":{"rendered":"<p>(Nicol\u00e1s Reif\/ Coco Ram\u00f3n) &#8211; El granate enfrenta est\u00e1 noche a Atl\u00e9tico Tucum\u00e1n a d\u00edas de la gran final de la Conmebol Sudamericana. La \u00faltima fecha de la primera fase&hellip; <\/p>\n","protected":false},"author":11,"featured_media":136183,"comment_status":"closed","ping_status":"open","sticky":false,"template":"","format":"standard","meta":{"footnotes":""},"categories":[4],"tags":[],"class_list":["post-235939","post","type-post","status-publish","format-standard","has-post-thumbnail","hentry","category-deportes"],"_links":{"self":[{"href":"https:\/\/corrientesdetarde.com\/index.php\/wp-json\/wp\/v2\/posts\/235939","targetHints":{"allow":["GET"]}}],"collection":[{"href":"https:\/\/corrientesdetarde.com\/index.php\/wp-json\/wp\/v2\/posts"}],"about":[{"href":"https:\/\/corrientesdetarde.com\/index.php\/wp-json\/wp\/v2\/types\/post"}],"author":[{"embeddable":true,"href":"https:\/\/corrientesdetarde.com\/index.php\/wp-json\/wp\/v2\/users\/11"}],"replies":[{"embeddable":true,"href":"https:\/\/corrientesdetarde.com\/index.php\/wp-json\/wp\/v2\/comments?post=235939"}],"version-history":[{"count":1,"href":"https:\/\/corrientesdetarde.com\/index.php\/wp-json\/wp\/v2\/posts\/235939\/revisions"}],"predecessor-version":[{"id":235940,"href":"https:\/\/corrientesdetarde.com\/index.php\/wp-json\/wp\/v2\/posts\/235939\/revisions\/235940"}],"wp:featuredmedia":[{"embeddable":true,"href":"https:\/\/corrientesdetarde.com\/index.php\/wp-json\/wp\/v2\/media\/136183"}],"wp:attachment":[{"href":"https:\/\/corrientesdetarde.com\/index.php\/wp-json\/wp\/v2\/media?parent=235939"}],"wp:term":[{"taxonomy":"category","embeddable":true,"href":"https:\/\/corrientesdetarde.com\/index.php\/wp-json\/wp\/v2\/categories?post=235939"},{"taxonomy":"post_tag","embeddable":true,"href":"https:\/\/corrientesdetarde.com\/index.php\/wp-json\/wp\/v2\/tags?post=235939"}],"curies":[{"name":"wp","href":"https:\/\/api.w.org\/{rel}","templated":true}]}}