{"id":235945,"date":"2025-11-14T15:16:40","date_gmt":"2025-11-14T18:16:40","guid":{"rendered":"https:\/\/corrientesdetarde.com\/?p=235945"},"modified":"2025-11-14T15:16:52","modified_gmt":"2025-11-14T18:16:52","slug":"juraron-nuevos-agrimensores-y-este-ano-fue-record-en-la-provincia-de-buenos-aires","status":"publish","type":"post","link":"https:\/\/corrientesdetarde.com\/index.php\/economia\/juraron-nuevos-agrimensores-y-este-ano-fue-record-en-la-provincia-de-buenos-aires\/","title":{"rendered":"JURARON NUEVOS AGRIMENSORES Y ESTE A\u00d1O FUE R\u00c9CORD EN LA PROVINCIA DE BUENOS AIRES"},"content":{"rendered":"\n<p>El Consejo Profesional de Agrimensura de la Provincia de Buenos Aires (CPA) realiz\u00f3 un nuevo acto de matriculaci\u00f3n y este a\u00f1o es r\u00e9cor al duplicarse la cantidad de profesionales en comparaci\u00f3n con el 2024 al matricularse este a\u00f1o 80 nuevos agrimensores.<\/p>\n\n\n\n<p>De esta forma, se consolida en territorio bonaerense el \u201cel crecimiento sostenido de la Agrimensura bonaerense y el compromiso del Consejo con las nuevas generaciones\u201d.<\/p>\n\n\n\n<p>Encabez\u00f3 el acto, realizado en la Casa del Agrimensor \u201cAgrim. Em\u00e9rito Ra\u00fal<br>H. Terzaghi\u201d, el Presidente del Consejo Superior, Agrim. Reinaldo Beain, junto al Secretario, Agrim. Oscar L\u00f3pez; el Tesorero, Agrim. Lucas St. Esteben y el Vicepresidente, Agrim. Guillermo Jacoby Beyer.<\/p>\n\n\n\n<p>Tambi\u00e9n participaron los consejeros agrimensores Lucas Zanella Kohli, Esteban Kain, Javier Pereyra, Mario Percivale, Maximiliano Lucangioli y el Vicepresidente del Colegio de Distrito 8, Agrim. Leandro Curcio.<\/p>\n\n\n\n<p>Durante la ceremonia, los nuevos matriculados realizaron el tradicional Juramento Profesional, comprometi\u00e9ndose a ejercer con \u00e9tica, responsabilidad y respeto por las normas que regulan la profesi\u00f3n.<\/p>\n\n\n\n<p>Beain destac\u00f3 que \u201ces una enorme satisfacci\u00f3n llevar adelante un acto como este. Cada nueva matriculaci\u00f3n es una se\u00f1al de crecimiento y renovaci\u00f3n. Nuestra aspiraci\u00f3n es que esta cantidad de nuevos profesionales se repita cada a\u00f1o\u201d.<\/p>\n\n\n\n<p>El Presidente tambi\u00e9n hizo hincapi\u00e9 en la importancia de la participaci\u00f3n y el protagonismo institucional.<\/p>\n\n\n\n<p>\u201cEste Consejo Profesional cont\u00f3 con lo que yo llamo la Generaci\u00f3n del 80, un grupo de colegas que, ante la necesidad de contar con una colegiaci\u00f3n propia, puso ladrillo por ladrillo para que el CPA creciera y se consolidara. Gracias a esa visi\u00f3n y a ese esfuerzo colectivo, hoy tenemos una instituci\u00f3n s\u00f3lida, con presencia en toda la Provincia y un profundo sentido de pertenencia profesional\u201d, asegur\u00f3.<\/p>\n\n\n\n<p>Adem\u00e1s agreg\u00f3 que \u201ca partir de ese momento fundacional, el CPA se consolid\u00f3 como una profesi\u00f3n de referencia, no solo a nivel provincial sino tambi\u00e9n nacional. Ese camino de crecimiento y reconocimiento nos desaf\u00eda ahora a dar un nuevo salto, a seguir transform\u00e1ndonos.\u201d<\/p>\n\n\n\n<p>En ese sentido, se dirigi\u00f3 a los nuevos matriculados expresando que \u201cpara eso necesitamos de ustedes. Necesitamos su energ\u00eda, sus ideas y su compromiso. El Consejo no solo requiere matriculados ejerciendo la profesi\u00f3n: necesita participaci\u00f3n, dirigentes, y sobre todo, cuadros pol\u00edticos y t\u00e9cnicos que aporten conocimiento, nuevas miradas y voces frescas al debate institucional.\u201d<\/p>\n\n\n\n<p>\u201cCada uno de ustedes trae consigo la formaci\u00f3n de nuestras universidades y el acompa\u00f1amiento de toda una comunidad profesional. Ese respaldo los va a acompa\u00f1ar a lo largo de su vida laboral, pero tambi\u00e9n los invita a ser parte activa de la historia que viene. Este Consejo los necesita para seguir creciendo.\u201d\u201d.<\/p>\n\n\n\n<p>El encuentro cont\u00f3 con la participaci\u00f3n de m\u00e1s de 130 personas, entre autoridades, familiares y colegas, que acompa\u00f1aron a los nuevos profesionales en este momento tan significativo para su desarrollo profesional.<\/p>\n\n\n\n<p>El acto culmin\u00f3 con un brindis de camarader\u00eda, donde autoridades y matriculados compartieron un c\u00e1lido cierre de jornada, reafirmando los valores de pertenencia, \u00e9tica y trabajo colectivo que distinguen a la Agrimensura bonaerense.<\/p>\n","protected":false},"excerpt":{"rendered":"<p>El Consejo Profesional de Agrimensura de la Provincia de Buenos Aires (CPA) realiz\u00f3 un nuevo acto de matriculaci\u00f3n y este a\u00f1o es r\u00e9cor al duplicarse la cantidad de profesionales en&hellip; <\/p>\n","protected":false},"author":11,"featured_media":235946,"comment_status":"closed","ping_status":"open","sticky":false,"template":"","format":"standard","meta":{"footnotes":""},"categories":[20],"tags":[],"class_list":["post-235945","post","type-post","status-publish","format-standard","has-post-thumbnail","hentry","category-economia"],"_links":{"self":[{"href":"https:\/\/corrientesdetarde.com\/index.php\/wp-json\/wp\/v2\/posts\/235945","targetHints":{"allow":["GET"]}}],"collection":[{"href":"https:\/\/corrientesdetarde.com\/index.php\/wp-json\/wp\/v2\/posts"}],"about":[{"href":"https:\/\/corrientesdetarde.com\/index.php\/wp-json\/wp\/v2\/types\/post"}],"author":[{"embeddable":true,"href":"https:\/\/corrientesdetarde.com\/index.php\/wp-json\/wp\/v2\/users\/11"}],"replies":[{"embeddable":true,"href":"https:\/\/corrientesdetarde.com\/index.php\/wp-json\/wp\/v2\/comments?post=235945"}],"version-history":[{"count":1,"href":"https:\/\/corrientesdetarde.com\/index.php\/wp-json\/wp\/v2\/posts\/235945\/revisions"}],"predecessor-version":[{"id":235947,"href":"https:\/\/corrientesdetarde.com\/index.php\/wp-json\/wp\/v2\/posts\/235945\/revisions\/235947"}],"wp:featuredmedia":[{"embeddable":true,"href":"https:\/\/corrientesdetarde.com\/index.php\/wp-json\/wp\/v2\/media\/235946"}],"wp:attachment":[{"href":"https:\/\/corrientesdetarde.com\/index.php\/wp-json\/wp\/v2\/media?parent=235945"}],"wp:term":[{"taxonomy":"category","embeddable":true,"href":"https:\/\/corrientesdetarde.com\/index.php\/wp-json\/wp\/v2\/categories?post=235945"},{"taxonomy":"post_tag","embeddable":true,"href":"https:\/\/corrientesdetarde.com\/index.php\/wp-json\/wp\/v2\/tags?post=235945"}],"curies":[{"name":"wp","href":"https:\/\/api.w.org\/{rel}","templated":true}]}}