{"id":235954,"date":"2025-11-14T16:17:00","date_gmt":"2025-11-14T19:17:00","guid":{"rendered":"https:\/\/corrientesdetarde.com\/?p=235954"},"modified":"2025-11-14T16:17:07","modified_gmt":"2025-11-14T19:17:07","slug":"eduardo-tassano-anuncio-el-pago-del-plus-complementario-para-municipales-correntinos","status":"publish","type":"post","link":"https:\/\/corrientesdetarde.com\/index.php\/locales\/eduardo-tassano-anuncio-el-pago-del-plus-complementario-para-municipales-correntinos\/","title":{"rendered":"Eduardo Tassano anunci\u00f3 el pago del plus complementario para municipales correntinos"},"content":{"rendered":"\n<p>El&nbsp;<strong>Municipio de Corrientes&nbsp;<\/strong>comenzar\u00e1 este lunes 17 de noviembre el pago del&nbsp;<strong>plus complementario a los empleados municipales<\/strong>, seg\u00fan inform\u00f3 el intendente&nbsp;<strong>Eduardo Tassan<\/strong>o a trav\u00e9s de sus redes sociales. El cronograma se extender\u00e1 hasta el mi\u00e9rcoles 19.<\/p>\n\n\n\n<p>El adicional, que este mes incluye un aumento acordado en&nbsp;<strong>paritarias<\/strong>, ser\u00e1 depositado en las cuentas bancarias de los trabajadores de planta, contrato y agentes Neike bancarizados, quienes podr\u00e1n retirar el dinero a trav\u00e9s de cajeros autom\u00e1ticos.<\/p>\n\n\n\n<p>Los agentes&nbsp;<strong>Neike<\/strong>&nbsp;que no est\u00e9n bancarizados deber\u00e1n acercarse a la Caja Municipal de Pr\u00e9stamos (CMP), ubicada en Brasil 1269, en horario de lunes a viernes de 7:30 a 12:30 y de 16 a 20.&nbsp;<\/p>\n\n\n\n<h2 class=\"wp-block-heading\">El cronograma&nbsp;seg\u00fan el&nbsp;DNI:&nbsp;<\/h2>\n\n\n\n<ul class=\"wp-block-list\">\n<li>Lunes 17, terminados en 0, 1 y 2.<\/li>\n\n\n\n<li>Martes 18, terminados en 3, 4, 5 y 6.<\/li>\n\n\n\n<li>\u00a0Mi\u00e9rcoles 19, terminados en 7, 8 y 9.<\/li>\n<\/ul>\n\n\n\n<p>En tanto, los Neike bancarizados que no tengan tarjeta de d\u00e9bito podr\u00e1n cobrar por ventanilla en el Banco de Corrientes, sucursal avenida Teniente Ib\u00e1\u00f1ez 1826, siguiendo el mismo cronograma.<\/p>\n","protected":false},"excerpt":{"rendered":"<p>El&nbsp;Municipio de Corrientes&nbsp;comenzar\u00e1 este lunes 17 de noviembre el pago del&nbsp;plus complementario a los empleados municipales, seg\u00fan inform\u00f3 el intendente&nbsp;Eduardo Tassano a trav\u00e9s de sus redes sociales. El cronograma se&hellip; <\/p>\n","protected":false},"author":1,"featured_media":205377,"comment_status":"closed","ping_status":"open","sticky":false,"template":"","format":"standard","meta":{"footnotes":""},"categories":[8],"tags":[],"class_list":["post-235954","post","type-post","status-publish","format-standard","has-post-thumbnail","hentry","category-locales"],"_links":{"self":[{"href":"https:\/\/corrientesdetarde.com\/index.php\/wp-json\/wp\/v2\/posts\/235954","targetHints":{"allow":["GET"]}}],"collection":[{"href":"https:\/\/corrientesdetarde.com\/index.php\/wp-json\/wp\/v2\/posts"}],"about":[{"href":"https:\/\/corrientesdetarde.com\/index.php\/wp-json\/wp\/v2\/types\/post"}],"author":[{"embeddable":true,"href":"https:\/\/corrientesdetarde.com\/index.php\/wp-json\/wp\/v2\/users\/1"}],"replies":[{"embeddable":true,"href":"https:\/\/corrientesdetarde.com\/index.php\/wp-json\/wp\/v2\/comments?post=235954"}],"version-history":[{"count":1,"href":"https:\/\/corrientesdetarde.com\/index.php\/wp-json\/wp\/v2\/posts\/235954\/revisions"}],"predecessor-version":[{"id":235955,"href":"https:\/\/corrientesdetarde.com\/index.php\/wp-json\/wp\/v2\/posts\/235954\/revisions\/235955"}],"wp:featuredmedia":[{"embeddable":true,"href":"https:\/\/corrientesdetarde.com\/index.php\/wp-json\/wp\/v2\/media\/205377"}],"wp:attachment":[{"href":"https:\/\/corrientesdetarde.com\/index.php\/wp-json\/wp\/v2\/media?parent=235954"}],"wp:term":[{"taxonomy":"category","embeddable":true,"href":"https:\/\/corrientesdetarde.com\/index.php\/wp-json\/wp\/v2\/categories?post=235954"},{"taxonomy":"post_tag","embeddable":true,"href":"https:\/\/corrientesdetarde.com\/index.php\/wp-json\/wp\/v2\/tags?post=235954"}],"curies":[{"name":"wp","href":"https:\/\/api.w.org\/{rel}","templated":true}]}}