{"id":235966,"date":"2025-11-14T19:30:21","date_gmt":"2025-11-14T22:30:21","guid":{"rendered":"https:\/\/corrientesdetarde.com\/?p=235966"},"modified":"2025-11-14T19:30:31","modified_gmt":"2025-11-14T22:30:31","slug":"este-lunes-17-inicia-el-pago-del-plus-complementario-a-municipales","status":"publish","type":"post","link":"https:\/\/corrientesdetarde.com\/index.php\/locales\/este-lunes-17-inicia-el-pago-del-plus-complementario-a-municipales\/","title":{"rendered":"Este lunes 17 inicia el pago del plus complementario a municipales"},"content":{"rendered":"\n<p>Este lunes 17 inicia el pago del plus complementario a municipalesEl cronograma se extender\u00e1 hasta el mi\u00e9rcoles 19 de noviembre, seg\u00fan lo anunci\u00f3 el intendente Eduardo Tassano a trav\u00e9s de sus redes sociales. Este adicional tambi\u00e9n se abona desde este mes con un nuevo aumento, acordado en su momento en paritarias.<\/p>\n\n\n\n<p>Los trabajadores de planta, contrato y los agentes Neike bancarizados tendr\u00e1n depositado el pago del plus en sus respectivas cuentas bancarias este mismo lunes 17 de noviembre, dinero al que podr\u00e1n acceder a trav\u00e9s de los cajeros autom\u00e1ticos habilitados.<br>Por su parte, aquellos trabajadores Neike que no est\u00e9n bancarizados deber\u00e1n dirigirse a la Caja Municipal de Pr\u00e9stamos (CMP), en su sede central, ubicada en Brasil 1269. Los pagos se realizan de lunes a viernes, de 7:30 a 12:30 y de 16 a 20.<br>En este caso, el lunes 17 de noviembre les corresponder\u00e1 cobrar a los trabajadores cuyos DNI terminen en 0, 1 y 2; el martes 18 de noviembre, a los agentes con DNI finalizados en 3, 4, 5 y 6; y el mi\u00e9rcoles 19 de noviembre, a los que tengan documentos que finalicen en 7, 8 y 9.<br>En tanto, los Neike bancarizados pero que no poseen tarjeta de d\u00e9bito, deber\u00e1n cobrar por ventanilla del Banco de Corrientes (sucursal av. Teniente Ib\u00e1\u00f1ez 1826) de acuerdo al cronograma detallado anteriormente que va del lunes 17 al mi\u00e9rcoles 19 de noviembre.<\/p>\n","protected":false},"excerpt":{"rendered":"<p>Este lunes 17 inicia el pago del plus complementario a municipalesEl cronograma se extender\u00e1 hasta el mi\u00e9rcoles 19 de noviembre, seg\u00fan lo anunci\u00f3 el intendente Eduardo Tassano a trav\u00e9s de&hellip; <\/p>\n","protected":false},"author":4,"featured_media":235974,"comment_status":"closed","ping_status":"open","sticky":false,"template":"","format":"standard","meta":{"footnotes":""},"categories":[8],"tags":[],"class_list":["post-235966","post","type-post","status-publish","format-standard","has-post-thumbnail","hentry","category-locales"],"_links":{"self":[{"href":"https:\/\/corrientesdetarde.com\/index.php\/wp-json\/wp\/v2\/posts\/235966","targetHints":{"allow":["GET"]}}],"collection":[{"href":"https:\/\/corrientesdetarde.com\/index.php\/wp-json\/wp\/v2\/posts"}],"about":[{"href":"https:\/\/corrientesdetarde.com\/index.php\/wp-json\/wp\/v2\/types\/post"}],"author":[{"embeddable":true,"href":"https:\/\/corrientesdetarde.com\/index.php\/wp-json\/wp\/v2\/users\/4"}],"replies":[{"embeddable":true,"href":"https:\/\/corrientesdetarde.com\/index.php\/wp-json\/wp\/v2\/comments?post=235966"}],"version-history":[{"count":1,"href":"https:\/\/corrientesdetarde.com\/index.php\/wp-json\/wp\/v2\/posts\/235966\/revisions"}],"predecessor-version":[{"id":235975,"href":"https:\/\/corrientesdetarde.com\/index.php\/wp-json\/wp\/v2\/posts\/235966\/revisions\/235975"}],"wp:featuredmedia":[{"embeddable":true,"href":"https:\/\/corrientesdetarde.com\/index.php\/wp-json\/wp\/v2\/media\/235974"}],"wp:attachment":[{"href":"https:\/\/corrientesdetarde.com\/index.php\/wp-json\/wp\/v2\/media?parent=235966"}],"wp:term":[{"taxonomy":"category","embeddable":true,"href":"https:\/\/corrientesdetarde.com\/index.php\/wp-json\/wp\/v2\/categories?post=235966"},{"taxonomy":"post_tag","embeddable":true,"href":"https:\/\/corrientesdetarde.com\/index.php\/wp-json\/wp\/v2\/tags?post=235966"}],"curies":[{"name":"wp","href":"https:\/\/api.w.org\/{rel}","templated":true}]}}