{"id":235976,"date":"2025-11-14T19:41:56","date_gmt":"2025-11-14T22:41:56","guid":{"rendered":"https:\/\/corrientesdetarde.com\/?p=235976"},"modified":"2025-11-14T19:42:08","modified_gmt":"2025-11-14T22:42:08","slug":"corrientes-participo-del-foro-nacional-de-presupuesto-y-finanzas","status":"publish","type":"post","link":"https:\/\/corrientesdetarde.com\/index.php\/actualidad\/corrientes-participo-del-foro-nacional-de-presupuesto-y-finanzas\/","title":{"rendered":"Corrientes particip\u00f3 del foro nacional de presupuesto y finanzas"},"content":{"rendered":"\n<p><strong><em>Se realiz\u00f3 entre el 12 y 14 de este mes. Convoc\u00f3 a responsables de las \u00e1reas de todo el pa\u00eds. Se analiz\u00f3 la situaci\u00f3n fiscal y perspectivas a nivel nacional y provincial en Argentina, y, por otra parte, tambi\u00e9n la pol\u00edtica tributaria del gobierno nacional y perspectivas sobre la distribuci\u00f3n de recursos a provincias, entre otros temas.<\/em><\/strong><\/p>\n\n\n\n<p>Representada por el Ministerio de Hacienda y Finanzas, el Gobierno de Corrientes particip\u00f3 de la XLI Reuni\u00f3n Plenaria del Foro Permanente de Direcciones de Presupuesto y Finanzas de la Rep\u00fablica. En la convocatoria, los funcionarios de todo el pa\u00eds analizaron la situaci\u00f3n fiscal y perspectivas a nivel nacional y provincial en Argentina, y, por otra parte, tambi\u00e9n la pol\u00edtica tributaria del gobierno nacional y perspectivas sobre la distribuci\u00f3n de recursos a provincias, entre otros temas.<\/p>\n\n\n\n<p>El plenario se realiz\u00f3 entre el 12 y 14 de este mes, con sede en San Salvador de Jujuy. A esta ciudad asisti\u00f3 para participar el subsecretario de Finanzas de Corrientes H\u00e9ctor Grachot, con instrucciones del ministro de Hacienda y Finanzas Marcelo Rivas Piasentini, y por resoluci\u00f3n del gobernador Gustavo Vald\u00e9s.<\/p>\n\n\n\n<p>Grachot estuvo acompa\u00f1ado por el director de Presupuesto de la Provincia, Federico Gonz\u00e1lez Thomas. Del foro participaron responsables de las \u00e1reas de presupuesto y finanzas de todas las provincias, de la Ciudad Aut\u00f3noma de Buenos Aires, y de la naci\u00f3n. La organizaci\u00f3n estuvo a cargo, como anfitri\u00f3n, del Ministerio de Hacienda y Finanzas de Jujuy.<\/p>\n\n\n\n<p><strong>Situaci\u00f3n fiscal, deudas y&nbsp;recursos<\/strong><\/p>\n\n\n\n<p>En el desarrollo del programa de actividades, los participantes asistieron a disertaciones como: La pol\u00edtica tributaria del gobierno nacional y perspectivas sobre la distribuci\u00f3n de recursos a provincias.&nbsp; Exposici\u00f3n a cargo de la Subsecretaria de Ingresos P\u00fablicos de la Naci\u00f3n, Claudia Balestrini, y el director Ejecutivo de la Comisi\u00f3n Federal de Impuestos, Alberto Pololla.<\/p>\n\n\n\n<p>Por otra parte, tambi\u00e9n, se expuso sobre: Situaci\u00f3n fiscal y perspectivas a nivel nacional y provincial en Argentina; a cargo del Subsecretario de Presupuesto de la Naci\u00f3n, Rodrigo Cabado, y la Subsecretaria de Coordinaci\u00f3n Fiscal Provincial de la Naci\u00f3n, Valeria S\u00e1nchez.<\/p>\n\n\n\n<p>En tanto, el coordinador de Deuda Provincial en la Direcci\u00f3n Nacional de Asuntos Provinciales, de la Secretar\u00eda de Hacienda de la Naci\u00f3n, Luciano Albera Scagliusi, disert\u00f3 sobre: Panorama del endeudamiento Subnacional.<\/p>\n\n\n\n<p><strong>Jurisdicciones<\/strong><\/p>\n\n\n\n<p>\u201cExperiencias en la implementaci\u00f3n de los Sistemas de Administraci\u00f3n Financiera (E-Sidif) en las Provincias\u201d, fue el tema que disertaron el Subsecretario de Coordinaci\u00f3n T\u00e9cnico Administrativa del Ministerio de Econom\u00eda, Finanzas e Infraestructura de la Provincia de Santa Cruz, Nicol\u00e1s Alberto Fernandez Villada, el Subsecretario de Relaciones y Coordinaci\u00f3n Fiscal con Municipios y Comisiones de Fomento del Ministerio de Econom\u00eda, Finanzas e Infraestructura de la Provincia de Santa Cruz, Lucas Gay, la responsable de la Contadur\u00eda General de la Provincia de Catamarca, Viviana Cruzado; de la Contadur\u00eda General de la Provincia de Catamarca, Mauricio Hezze, y de la Direcci\u00f3n de Presupuesto de la Provincia de Catamarca, Jesica Nieva.<\/p>\n\n\n\n<p>Tambi\u00e9n se expuso sobre: Situaci\u00f3n Fiscal de la Provincia de Jujuy. Deuda P\u00fablica y Pol\u00edtica Tributaria Provincial.<\/p>\n\n\n\n<p>Adem\u00e1s, el Control y Seguimiento del Gasto P\u00fablico. El caso de la Provincia de R\u00edo Negro. Por otra parte, Proyecto Parque Solar Cauchari y Financiamiento con Bono Verde. Y, Taller Intercambio de Experiencias sobre temas Presupuestarios (CABA).<\/p>\n\n\n\n<p><strong>Otros temas<\/strong><\/p>\n\n\n\n<p>Entre las actividades del foro, se expuso sobre La importancia de la informaci\u00f3n subnacional en las estad\u00edsticas de las Cuentas Nacionales.<\/p>\n\n\n\n<p>Tambi\u00e9n tuvo lugar la Presentaci\u00f3n de la nueva P\u00e1gina de Internet del Foro y del Aula Virtual.<\/p>\n\n\n\n<p><strong>Municipios<\/strong><\/p>\n\n\n\n<p>Simult\u00e1neamente, se realiz\u00f3 una jornada dedicada para Municipios; fue el mi\u00e9rcoles 12. Se abord\u00f3 \u201cExperiencias en la Implementaci\u00f3n de la Ley de Responsabilidad Fiscal en los Municipios\u201d, a cargo de la referente del Consejo Provincial de Responsabilidad Fiscal &#8211; Provincia del Chubut, Gabriela Valsecchi, y la Subdirectora de la Direcci\u00f3n de Relaciones Municipales- Provincia de San Juan, Myriam Imhof.<\/p>\n\n\n\n<p>El tema que cerr\u00f3 este d\u00eda fue: \u201cLos Reg\u00edmenes Provinciales de Coparticipaci\u00f3n a Municipios\u201d, a cargo de la directora de Deudas Provinciales y Finanzas Provinciales \u2013 Direcci\u00f3n Nacional de Asuntos Provinciales, Mar\u00eda Cecilia Iselli, y la directora de Relaciones Provinciales &#8211; Provincia de Entre R\u00edos, Silvia Honecker.<\/p>\n","protected":false},"excerpt":{"rendered":"<p>Se realiz\u00f3 entre el 12 y 14 de este mes. Convoc\u00f3 a responsables de las \u00e1reas de todo el pa\u00eds. Se analiz\u00f3 la situaci\u00f3n fiscal y perspectivas a nivel nacional&hellip; <\/p>\n","protected":false},"author":4,"featured_media":235977,"comment_status":"closed","ping_status":"open","sticky":false,"template":"","format":"standard","meta":{"footnotes":""},"categories":[23],"tags":[],"class_list":["post-235976","post","type-post","status-publish","format-standard","has-post-thumbnail","hentry","category-actualidad"],"_links":{"self":[{"href":"https:\/\/corrientesdetarde.com\/index.php\/wp-json\/wp\/v2\/posts\/235976","targetHints":{"allow":["GET"]}}],"collection":[{"href":"https:\/\/corrientesdetarde.com\/index.php\/wp-json\/wp\/v2\/posts"}],"about":[{"href":"https:\/\/corrientesdetarde.com\/index.php\/wp-json\/wp\/v2\/types\/post"}],"author":[{"embeddable":true,"href":"https:\/\/corrientesdetarde.com\/index.php\/wp-json\/wp\/v2\/users\/4"}],"replies":[{"embeddable":true,"href":"https:\/\/corrientesdetarde.com\/index.php\/wp-json\/wp\/v2\/comments?post=235976"}],"version-history":[{"count":1,"href":"https:\/\/corrientesdetarde.com\/index.php\/wp-json\/wp\/v2\/posts\/235976\/revisions"}],"predecessor-version":[{"id":235978,"href":"https:\/\/corrientesdetarde.com\/index.php\/wp-json\/wp\/v2\/posts\/235976\/revisions\/235978"}],"wp:featuredmedia":[{"embeddable":true,"href":"https:\/\/corrientesdetarde.com\/index.php\/wp-json\/wp\/v2\/media\/235977"}],"wp:attachment":[{"href":"https:\/\/corrientesdetarde.com\/index.php\/wp-json\/wp\/v2\/media?parent=235976"}],"wp:term":[{"taxonomy":"category","embeddable":true,"href":"https:\/\/corrientesdetarde.com\/index.php\/wp-json\/wp\/v2\/categories?post=235976"},{"taxonomy":"post_tag","embeddable":true,"href":"https:\/\/corrientesdetarde.com\/index.php\/wp-json\/wp\/v2\/tags?post=235976"}],"curies":[{"name":"wp","href":"https:\/\/api.w.org\/{rel}","templated":true}]}}