{"id":236012,"date":"2025-11-15T08:20:00","date_gmt":"2025-11-15T11:20:00","guid":{"rendered":"https:\/\/corrientesdetarde.com\/?p=236012"},"modified":"2025-11-15T08:39:28","modified_gmt":"2025-11-15T11:39:28","slug":"impactantes-imagenes-del-dano-que-genero-la-onda-expansiva-de-la-explosion-en-ezeiza","status":"publish","type":"post","link":"https:\/\/corrientesdetarde.com\/index.php\/destacados\/impactantes-imagenes-del-dano-que-genero-la-onda-expansiva-de-la-explosion-en-ezeiza\/","title":{"rendered":"Impactantes im\u00e1genes del da\u00f1o que gener\u00f3 la onda expansiva de la explosi\u00f3n en Ezeiza."},"content":{"rendered":"\n<h2 class=\"wp-block-heading\">Los videos grabados por los propios damnificados muestran c\u00f3mo volaron vidrios y techos tras el incidente ocurrido en el Polo Industrial Spegazzini de Ca\u00f1uelas.<\/h2>\n\n\n\n<p>La onda expansiva de\u00a0la brutal explosi\u00f3n que se registr\u00f3 en el Polo Industrial Spegazzini de Ca\u00f1uelas\u00a0golpe\u00f3 de lleno en la casa de los vecinos, transformando la calma de la noche en una escena de pesadilla.<\/p>\n\n\n\n<p><strong>Ventanas destrozadas, techos desprendidos y cielorrasos colapsados<\/strong>&nbsp;son algunos de los da\u00f1os que dej\u00f3 el hecho sucedido el viernes por la noche en Ezeiza.<\/p>\n\n\n\n<p>En medio del shock, la desesperaci\u00f3n se mezcl\u00f3 con la necesidad de documentar el desastre. A trav\u00e9s de sus celulares, los damnificados mostraron la magnitud de los da\u00f1os y compartieron las im\u00e1genes en las redes sociales.<\/p>\n\n\n\n<p>En los videos se puede ver en detalle&nbsp;<strong>c\u00f3mo la onda expansiva arras\u00f3 con las estructuras de las casas.<\/strong>&nbsp;Se registraron desde destrozos en cocinas y habitaciones, desprendimiento de ventanas y techos.<\/p>\n\n\n\n<h2 class=\"wp-block-heading\">El testimonio de los vecinos<\/h2>\n\n\n\n<p>Algunos de los vecinos contaron c\u00f3mo se vivi\u00f3 ese momento. \u201c<strong>Techos y vidrios volaron varios kil\u00f3metros<\/strong>\u201d, cont\u00f3 uno de ellos.<\/p>\n\n\n\n<p>\u201cEstaba en mi casa con m\u00fasica y&nbsp;<strong>de repente se escuch\u00f3 un estruendo que me apag\u00f3 todo<\/strong>. Salgo a ver y se ve\u00eda una columna de humo\u201d, cont\u00f3 C\u00e9sar, otro vecino.<\/p>\n\n\n\n<p>\u201cEstaba justo en frente del lugar, pero la polic\u00eda lleg\u00f3 y nos pidi\u00f3 que nos vayamos porque nos advirtieron que pod\u00eda haber una explosi\u00f3n mucho m\u00e1s grande.&nbsp;<strong>Y ah\u00ed sali\u00f3 una bola de fuego gigante. Se siguen escuchando explosiones<\/strong>\u201d, sum\u00f3.<\/p>\n\n\n\n<p>Un hombre, que vive cerca de donde ocurri\u00f3 la explosi\u00f3n, asegur\u00f3 que \u201ces la primera vez que pasa\u201d. \u201c<strong>Estaba en casa acostado y me despert\u00f3<\/strong>. Todos los vecinos salimos porque no sab\u00edamos qu\u00e9 pasaba\u201d, cont\u00f3.<\/p>\n\n\n\n<h2 class=\"wp-block-heading\">Qu\u00e9 se sabe de la explosi\u00f3n en Ezeiza<\/h2>\n\n\n\n<p>De acuerdo a las primeras informaciones, la explosi\u00f3n se habr\u00eda iniciado en una de las f\u00e1bricas del Polo Industrial Spegazzini de Ca\u00f1uelas y&nbsp;<strong>hay al menos 25 personas heridas<\/strong>. Adem\u00e1s, la onda expansiva habr\u00eda afectado a otras plantas y casas de la zona.<\/p>\n\n\n\n<p>El intendente de Ezeiza, Gast\u00f3n Granados, dijo\u00a0que est\u00e1n trabajando en garantizar la seguridad de las personas que pueden estar en las inmediaciones. A la zona, llegaron varias dotaciones de bomberos y ambulancias.<\/p>\n","protected":false},"excerpt":{"rendered":"<p>Los videos grabados por los propios damnificados muestran c\u00f3mo volaron vidrios y techos tras el incidente ocurrido en el Polo Industrial Spegazzini de Ca\u00f1uelas. La onda expansiva de\u00a0la brutal explosi\u00f3n&hellip; <\/p>\n","protected":false},"author":6,"featured_media":236016,"comment_status":"closed","ping_status":"open","sticky":false,"template":"","format":"standard","meta":{"footnotes":""},"categories":[26],"tags":[],"class_list":["post-236012","post","type-post","status-publish","format-standard","has-post-thumbnail","hentry","category-destacados"],"_links":{"self":[{"href":"https:\/\/corrientesdetarde.com\/index.php\/wp-json\/wp\/v2\/posts\/236012","targetHints":{"allow":["GET"]}}],"collection":[{"href":"https:\/\/corrientesdetarde.com\/index.php\/wp-json\/wp\/v2\/posts"}],"about":[{"href":"https:\/\/corrientesdetarde.com\/index.php\/wp-json\/wp\/v2\/types\/post"}],"author":[{"embeddable":true,"href":"https:\/\/corrientesdetarde.com\/index.php\/wp-json\/wp\/v2\/users\/6"}],"replies":[{"embeddable":true,"href":"https:\/\/corrientesdetarde.com\/index.php\/wp-json\/wp\/v2\/comments?post=236012"}],"version-history":[{"count":1,"href":"https:\/\/corrientesdetarde.com\/index.php\/wp-json\/wp\/v2\/posts\/236012\/revisions"}],"predecessor-version":[{"id":236017,"href":"https:\/\/corrientesdetarde.com\/index.php\/wp-json\/wp\/v2\/posts\/236012\/revisions\/236017"}],"wp:featuredmedia":[{"embeddable":true,"href":"https:\/\/corrientesdetarde.com\/index.php\/wp-json\/wp\/v2\/media\/236016"}],"wp:attachment":[{"href":"https:\/\/corrientesdetarde.com\/index.php\/wp-json\/wp\/v2\/media?parent=236012"}],"wp:term":[{"taxonomy":"category","embeddable":true,"href":"https:\/\/corrientesdetarde.com\/index.php\/wp-json\/wp\/v2\/categories?post=236012"},{"taxonomy":"post_tag","embeddable":true,"href":"https:\/\/corrientesdetarde.com\/index.php\/wp-json\/wp\/v2\/tags?post=236012"}],"curies":[{"name":"wp","href":"https:\/\/api.w.org\/{rel}","templated":true}]}}