{"id":236013,"date":"2025-11-15T08:11:00","date_gmt":"2025-11-15T11:11:00","guid":{"rendered":"https:\/\/corrientesdetarde.com\/?p=236013"},"modified":"2025-11-15T08:31:23","modified_gmt":"2025-11-15T11:31:23","slug":"thiago-medina-reflexiono-sobre-su-cambio-de-vida-a-dos-meses-del-accidente","status":"publish","type":"post","link":"https:\/\/corrientesdetarde.com\/index.php\/espectaculos\/thiago-medina-reflexiono-sobre-su-cambio-de-vida-a-dos-meses-del-accidente\/","title":{"rendered":"Thiago Medina reflexion\u00f3 sobre su cambio de vida a dos meses del accidente."},"content":{"rendered":"\n<h2 class=\"wp-block-heading\">El ex \u201cGran Hermano\u201d expres\u00f3 su felicidad por c\u00f3mo evolucion\u00f3 su salud despu\u00e9s de luchar por su vida.<\/h2>\n\n\n\n<p>En medio de su recuperaci\u00f3n,\u00a0<strong>Thiago Medina<\/strong> dialog\u00f3 sobre las rutinas que hace a diario para mejorar su salud y reflexion\u00f3 sobre su\u00a0<strong>radical cambio de vida\u00a0<\/strong>a dos meses del accidente con su moto.<\/p>\n\n\n\n<p>\u201cTodos los d\u00edas<strong>\u00a0estoy progresando<\/strong>\u00a0un poquito m\u00e1s\u201d, cont\u00f3 con emoci\u00f3n por su presente personal, acompa\u00f1ado por<strong>\u00a0Daniela Celis<\/strong>-la mam\u00e1 de sus gemelas Laia y Aim\u00e9-.<\/p>\n\n\n\n<p>Por el momento, Thiago asegur\u00f3 que no tiene intenciones de volver a subirse a una moto. En su reemplazo, dijo que\u00a0<strong>usa la bicicleta<\/strong>\u00a0para acercarse hasta la estaci\u00f3n de tren.<\/p>\n\n\n\n<p>\u201cQuiero hacer cosas para el bien. Tengo muchas ganas de<strong>&nbsp;tener mi verduler\u00eda de vuelta<\/strong>\u201d, expres\u00f3 el ex<em>&nbsp;Gran Hermano<\/em>&nbsp;como parte de los proyectos que planea luego de haber atravesado el momento m\u00e1s dif\u00edcil de su vida.<\/p>\n\n\n\n<p>Adem\u00e1s, Thiago revel\u00f3 que busca meterle de lleno a su facetar art\u00edstica. \u201cEstoy&nbsp;<strong>por estrenar dos canciones<\/strong>, ya las tengo escritas, tengo que ir al estudio nom\u00e1s\u201d, anticip\u00f3 por los temas que lanzar\u00e1 pr\u00f3ximamente.<\/p>\n\n\n\n<h2 class=\"wp-block-heading\">La recuperaci\u00f3n de Thiago Medina y la compa\u00f1\u00eda de Daniela Celis<\/h2>\n\n\n\n<p>Se mostr\u00f3 agradecido con la mam\u00e1 de sus gemelas por el apoyo que recibe a diario. \u201cElla es re compa\u00f1era, va al m\u00e9dico conmigo, eso me pone muy contento\u201d, expres\u00f3.<\/p>\n\n\n\n<p>Sobre su recuperaci\u00f3n y su salud, relat\u00f3: \u201cPor surte mejor, todos los d\u00edas estoy progresando un poquito m\u00e1s. Tengo controles una vez por semana, hago kinesiolog\u00eda cada 15 d\u00edas y me dan ejercicio para mi casa. Me recupero bien:&nbsp;<strong>ya salto, corro, ando en bici y le meto toda la voluntad<\/strong>\u201d.<\/p>\n\n\n\n<p>Luego de destacar el rol que ocupa Daniela en su vida, Thiago respondi\u00f3 cu\u00e1l es una de las virtudes de la mam\u00e1 de sus hijas: \u201cSiempre me apoya, siempre est\u00e1. No es negativa. Adem\u00e1s de ser buena mam\u00e1,&nbsp;<strong>me pone contento que est\u00e9 al lado m\u00edo<\/strong>\u201d.<\/p>\n\n\n\n<p>\u201cPens\u00e9 que ibas a decir que estoy re buena, no que soy buena mam\u00e1\u201d, coment\u00f3 ella entre risas. \u201cBueno, eso ya lo sab\u00e9s\u201d, sum\u00f3 \u00e9l con picard\u00eda. Al preguntarles por la qu\u00edmica que se ve\u00eda entre ellos, Medina reaccion\u00f3: \u201cEs todo a su tiempo, paso a paso. Si se tiene que dar, se dar\u00e1 y sino seguir\u00e9 siendo padre\u201d.&nbsp;<strong>\u201cVa a ser lo que tenga que ser\u201d<\/strong>, dijo la&nbsp;<em>influencer<\/em>.<\/p>\n\n\n\n<p>Luego, Celis detall\u00f3 cu\u00e1l es la virtud que m\u00e1s destaca de \u00e9l: \u201cEs un gran luchador de la vida. Cuando yo supe su historia adentro de la casa me qued\u00e9 impactada. Dije: \u2018\u00a1Wow, qu\u00e9 tipazo!\u2019. Y ahora le siguen pasando cosas,<strong>&nbsp;la sigue luchando y sigue ganando batallas<\/strong>. Esa valent\u00eda no la tiene cualquier persona y encima es el pap\u00e1 de mis hijas&#8221;.<\/p>\n","protected":false},"excerpt":{"rendered":"<p>El ex \u201cGran Hermano\u201d expres\u00f3 su felicidad por c\u00f3mo evolucion\u00f3 su salud despu\u00e9s de luchar por su vida. En medio de su recuperaci\u00f3n,\u00a0Thiago Medina dialog\u00f3 sobre las rutinas que hace&hellip; <\/p>\n","protected":false},"author":6,"featured_media":236014,"comment_status":"closed","ping_status":"open","sticky":false,"template":"","format":"standard","meta":{"footnotes":""},"categories":[19],"tags":[],"class_list":["post-236013","post","type-post","status-publish","format-standard","has-post-thumbnail","hentry","category-espectaculos"],"_links":{"self":[{"href":"https:\/\/corrientesdetarde.com\/index.php\/wp-json\/wp\/v2\/posts\/236013","targetHints":{"allow":["GET"]}}],"collection":[{"href":"https:\/\/corrientesdetarde.com\/index.php\/wp-json\/wp\/v2\/posts"}],"about":[{"href":"https:\/\/corrientesdetarde.com\/index.php\/wp-json\/wp\/v2\/types\/post"}],"author":[{"embeddable":true,"href":"https:\/\/corrientesdetarde.com\/index.php\/wp-json\/wp\/v2\/users\/6"}],"replies":[{"embeddable":true,"href":"https:\/\/corrientesdetarde.com\/index.php\/wp-json\/wp\/v2\/comments?post=236013"}],"version-history":[{"count":1,"href":"https:\/\/corrientesdetarde.com\/index.php\/wp-json\/wp\/v2\/posts\/236013\/revisions"}],"predecessor-version":[{"id":236015,"href":"https:\/\/corrientesdetarde.com\/index.php\/wp-json\/wp\/v2\/posts\/236013\/revisions\/236015"}],"wp:featuredmedia":[{"embeddable":true,"href":"https:\/\/corrientesdetarde.com\/index.php\/wp-json\/wp\/v2\/media\/236014"}],"wp:attachment":[{"href":"https:\/\/corrientesdetarde.com\/index.php\/wp-json\/wp\/v2\/media?parent=236013"}],"wp:term":[{"taxonomy":"category","embeddable":true,"href":"https:\/\/corrientesdetarde.com\/index.php\/wp-json\/wp\/v2\/categories?post=236013"},{"taxonomy":"post_tag","embeddable":true,"href":"https:\/\/corrientesdetarde.com\/index.php\/wp-json\/wp\/v2\/tags?post=236013"}],"curies":[{"name":"wp","href":"https:\/\/api.w.org\/{rel}","templated":true}]}}